{"id":419,"date":"2017-02-22T11:26:16","date_gmt":"2017-02-22T10:26:16","guid":{"rendered":"http:\/\/semmelweis.hu\/rehab\/?page_id=419"},"modified":"2019-09-03T15:16:08","modified_gmt":"2019-09-03T13:16:08","slug":"2017-marciusi-program","status":"publish","type":"post","link":"https:\/\/semmelweis.hu\/rehab\/2017\/02\/22\/2017-marciusi-program\/","title":{"rendered":"2017. m\u00e1rciusi program"},"content":{"rendered":"<ol start=\"2017\">\n<li><strong> m\u00e1rcius 7.<\/strong><\/li>\n<\/ol>\n<p><strong>\u00dcl\u00e9seln\u00f6k: Dr. Harmatta J\u00e1nos <\/strong><\/p>\n<p>T\u00fcnd\u00e9rhegy<\/p>\n<p>r\u00e9szletes program k\u00e9s\u0151bbiekben<\/p>\n<p><strong>\u00a0<\/strong><\/p>\n<ol start=\"2017\">\n<li><strong> m\u00e1rcius 21.<\/strong><\/li>\n<\/ol>\n<p><strong>\u00dcl\u00e9seln\u00f6k: Dr. Boros Erzs\u00e9bet<\/strong><\/p>\n<p><strong>MINOR GERINCSEB\u00c9SZETI \u00a0ELJ\u00c1R\u00c1SOK: \u00a0PRO \u00c9S KONTRA<\/strong><\/p>\n<p>1.Dr. Gubucz Istv\u00e1n (OKITI): Percutan veretebroplastica: indik\u00e1ci\u00f3k, kivitelez\u00e9s<\/p>\n<p>2.Dr. T\u00f3th Tam\u00e1s (SZTE \u00c1OK Idegseb\u00e9szeti Klinika):\u00a0 Traum\u00e1s kompresszi\u00f3s csigolyat\u00f6r\u00e9sek kezel\u00e9se vertebroplasztik\u00e1val \u00e9s termofacetektomi\u00e1val klinik\u00e1nkon\u00a0<\/p>\n<p>3.Gy\u00f6rgy Zolt\u00e1n Magor (OGK):\u00a0 Minim\u00e1l invaz\u00edv gerincseb\u00e9szeti beavatkoz\u00e1sok az Orsz\u00e1gos Gerincgy\u00f3gy\u00e1szati K\u00f6zpontban\u00a0<\/p>\n","protected":false},"excerpt":{"rendered":"<p>m\u00e1rcius 7. \u00dcl\u00e9seln\u00f6k: Dr. Harmatta J\u00e1nos T\u00fcnd\u00e9rhegy r\u00e9szletes program k\u00e9s\u0151bbiekben \u00a0 m\u00e1rcius 21. \u00dcl\u00e9seln\u00f6k: Dr. Boros Erzs\u00e9bet MINOR GERINCSEB\u00c9SZETI \u00a0ELJ\u00c1R\u00c1SOK: \u00a0PRO \u00c9S KONTRA 1.Dr. Gubucz Istv\u00e1n (OKITI): Percutan veretebroplastica: indik\u00e1ci\u00f3k, kivitelez\u00e9s 2.Dr. T\u00f3th Tam\u00e1s (SZTE \u00c1OK Idegseb\u00e9szeti Klinika):\u00a0 Traum\u00e1s kompresszi\u00f3s csigolyat\u00f6r\u00e9sek kezel\u00e9se vertebroplasztik\u00e1val \u00e9s termofacetektomi\u00e1val klinik\u00e1nkon\u00a0 3.Gy\u00f6rgy Zolt\u00e1n Magor (OGK):\u00a0 Minim\u00e1l invaz\u00edv gerincseb\u00e9szeti beavatkoz\u00e1sok az &hellip;<\/p>\n","protected":false},"author":299,"featured_media":0,"comment_status":"closed","ping_status":"closed","sticky":false,"template":"","format":"standard","meta":{"_acf_changed":false,"footnotes":""},"categories":[5],"tags":[],"class_list":["post-419","post","type-post","status-publish","format-standard","hentry","category-referalo-ulesek"],"acf":[],"_links":{"self":[{"href":"https:\/\/semmelweis.hu\/rehab\/wp-json\/wp\/v2\/posts\/419","targetHints":{"allow":["GET"]}}],"collection":[{"href":"https:\/\/semmelweis.hu\/rehab\/wp-json\/wp\/v2\/posts"}],"about":[{"href":"https:\/\/semmelweis.hu\/rehab\/wp-json\/wp\/v2\/types\/post"}],"author":[{"embeddable":true,"href":"https:\/\/semmelweis.hu\/rehab\/wp-json\/wp\/v2\/users\/299"}],"replies":[{"embeddable":true,"href":"https:\/\/semmelweis.hu\/rehab\/wp-json\/wp\/v2\/comments?post=419"}],"version-history":[{"count":1,"href":"https:\/\/semmelweis.hu\/rehab\/wp-json\/wp\/v2\/posts\/419\/revisions"}],"predecessor-version":[{"id":420,"href":"https:\/\/semmelweis.hu\/rehab\/wp-json\/wp\/v2\/posts\/419\/revisions\/420"}],"wp:attachment":[{"href":"https:\/\/semmelweis.hu\/rehab\/wp-json\/wp\/v2\/media?parent=419"}],"wp:term":[{"taxonomy":"category","embeddable":true,"href":"https:\/\/semmelweis.hu\/rehab\/wp-json\/wp\/v2\/categories?post=419"},{"taxonomy":"post_tag","embeddable":true,"href":"https:\/\/semmelweis.hu\/rehab\/wp-json\/wp\/v2\/tags?post=419"}],"curies":[{"name":"wp","href":"https:\/\/api.w.org\/{rel}","templated":true}]}}