{"id":412,"date":"2016-12-01T13:32:41","date_gmt":"2016-12-01T12:32:41","guid":{"rendered":"http:\/\/semmelweis.hu\/rehab\/?page_id=412"},"modified":"2019-09-03T15:16:08","modified_gmt":"2019-09-03T13:16:08","slug":"2016-december","status":"publish","type":"post","link":"https:\/\/semmelweis.hu\/rehab\/2016\/12\/01\/2016-december\/","title":{"rendered":"2016. december"},"content":{"rendered":"<ol start=\"2016\">\n<li><strong>december 7. (SZERDA) 14 \u00f3ra<\/strong><\/li>\n<\/ol>\n<p><strong>\u00dcl\u00e9seln\u00f6k:<\/strong> Dr. K\u00e1das Istv\u00e1n, Dr. Boros Erzs\u00e9bet<\/p>\n<p><strong>T\u00e9ma:<\/strong> Cs\u00edp\u0151prot\u00e9zis m\u0171t\u00e9tek ut\u00e1ni terhel\u00e9s szempontjai<\/p>\n<ul>\n<li>Prof. Dr. Szendr\u0151i Mikl\u00f3s, Dr. Skaliczki G\u00e1bor, Dr. Bejek Zolt\u00e1n (Semmelweis Egyetem Ortop\u00e9diai Klinika) &#8211; Cs\u00edp\u0151\u00edz\u00fcleti TEP &#8211; rehabilit\u00e1ci\u00f3 a magyar realit\u00e1sok talaj\u00e1n<\/li>\n<li>Dr. Szerb Imre\u00a0 (Uzsoki Utcai K\u00f3rh\u00e1z) \u2013 Szeml\u00e9letv\u00e1lt\u00e1s a cs\u00edp\u0151prot\u00e9zis m\u0171t\u00e9tek ut\u00e1ni terhel\u00e9s sor\u00e1n<\/li>\n<li>Dr. G\u00e1sp\u00e1r Szabolcs (Magyar Honv\u00e9ds\u00e9g Eg\u00e9szs\u00e9g\u00fcgyi K\u00f6zpont)\u00a0&#8211; Oszt\u00e1lyunk gyakorlata combnyakt\u00f6r\u00e9st szenvedett betegek protetiz\u00e1l\u00e1s\u00e1ban<\/li>\n<li>Dr. Sz\u0151dy R\u00f3bert (P\u00e9terfy Kh. Baleseti K\u00f6zpont)\u00a0 \u2013 Cs\u00edp\u0151\u00edz\u00fcleti rev\u00edzi\u00f3k \u00e9s ut\u00f3kezel\u00e9s\u00fck\u00a0<\/li>\n<li>Dr. Hampel Ferenc (OORI, Ortop\u00e9diai Oszt\u00e1ly) \u2013 Hagyom\u00e1nyos \u00e9s rev\u00edzi\u00f3s m\u0171t\u00e9tek ut\u00e1ni protokoll\u00a0\u00a0\u00a0<\/li>\n<\/ul>\n<p><strong>Felk\u00e9rt hozz\u00e1sz\u00f3l\u00f3k:<\/strong><\/p>\n<p><span style=\"font-size: 12pt\">Dr. B\u00f6r\u00f6cz Istv\u00e1n (MH Eg\u00e9szs\u00e9g\u00fcgyi K\u00f6zpont, Ortop\u00e9diai Oszt\u00e1ly)<\/span><\/p>\n<p><span style=\"font-size: 12pt\">Dr. Fl\u00f3ris Istv\u00e1n (P\u00e9terfy Kh. Baleseti K\u00f6zpont)\u00a0<\/span><\/p>\n<p><span style=\"font-size: 12pt\">Dr. Horv\u00e1th Tam\u00e1s (J\u00e1vorszky \u00d6d\u00f6n V\u00e1rosi K\u00f3rh\u00e1z, Traumatol\u00f3giai oszt\u00e1ly)<\/span><\/p>\n<p><span style=\"font-size: 12pt\">Dr. Mer\u00e9nyi G\u00e1bor\u00a0 (Szt.J\u00e1nos K\u00f3rh\u00e1z Traumatol\u00f3giai Oszt\u00e1ly)<\/span><\/p>\n","protected":false},"excerpt":{"rendered":"<p>december 7. (SZERDA) 14 \u00f3ra \u00dcl\u00e9seln\u00f6k: Dr. K\u00e1das Istv\u00e1n, Dr. Boros Erzs\u00e9bet T\u00e9ma: Cs\u00edp\u0151prot\u00e9zis m\u0171t\u00e9tek ut\u00e1ni terhel\u00e9s szempontjai Prof. Dr. Szendr\u0151i Mikl\u00f3s, Dr. Skaliczki G\u00e1bor, Dr. Bejek Zolt\u00e1n (Semmelweis Egyetem Ortop\u00e9diai Klinika) &#8211; Cs\u00edp\u0151\u00edz\u00fcleti TEP &#8211; rehabilit\u00e1ci\u00f3 a magyar realit\u00e1sok talaj\u00e1n Dr. Szerb Imre\u00a0 (Uzsoki Utcai K\u00f3rh\u00e1z) \u2013 Szeml\u00e9letv\u00e1lt\u00e1s a cs\u00edp\u0151prot\u00e9zis m\u0171t\u00e9tek ut\u00e1ni terhel\u00e9s sor\u00e1n &hellip;<\/p>\n","protected":false},"author":299,"featured_media":0,"comment_status":"closed","ping_status":"closed","sticky":false,"template":"","format":"standard","meta":{"_acf_changed":false,"footnotes":""},"categories":[5],"tags":[],"class_list":["post-412","post","type-post","status-publish","format-standard","hentry","category-referalo-ulesek"],"acf":[],"_links":{"self":[{"href":"https:\/\/semmelweis.hu\/rehab\/wp-json\/wp\/v2\/posts\/412","targetHints":{"allow":["GET"]}}],"collection":[{"href":"https:\/\/semmelweis.hu\/rehab\/wp-json\/wp\/v2\/posts"}],"about":[{"href":"https:\/\/semmelweis.hu\/rehab\/wp-json\/wp\/v2\/types\/post"}],"author":[{"embeddable":true,"href":"https:\/\/semmelweis.hu\/rehab\/wp-json\/wp\/v2\/users\/299"}],"replies":[{"embeddable":true,"href":"https:\/\/semmelweis.hu\/rehab\/wp-json\/wp\/v2\/comments?post=412"}],"version-history":[{"count":1,"href":"https:\/\/semmelweis.hu\/rehab\/wp-json\/wp\/v2\/posts\/412\/revisions"}],"predecessor-version":[{"id":413,"href":"https:\/\/semmelweis.hu\/rehab\/wp-json\/wp\/v2\/posts\/412\/revisions\/413"}],"wp:attachment":[{"href":"https:\/\/semmelweis.hu\/rehab\/wp-json\/wp\/v2\/media?parent=412"}],"wp:term":[{"taxonomy":"category","embeddable":true,"href":"https:\/\/semmelweis.hu\/rehab\/wp-json\/wp\/v2\/categories?post=412"},{"taxonomy":"post_tag","embeddable":true,"href":"https:\/\/semmelweis.hu\/rehab\/wp-json\/wp\/v2\/tags?post=412"}],"curies":[{"name":"wp","href":"https:\/\/api.w.org\/{rel}","templated":true}]}}