{"id":407,"date":"2016-10-28T12:45:46","date_gmt":"2016-10-28T10:45:46","guid":{"rendered":"http:\/\/semmelweis.hu\/rehab\/?page_id=407"},"modified":"2019-09-03T15:16:08","modified_gmt":"2019-09-03T13:16:08","slug":"2016-november","status":"publish","type":"post","link":"https:\/\/semmelweis.hu\/rehab\/2016\/10\/28\/2016-november\/","title":{"rendered":"2016. november"},"content":{"rendered":"<p><strong>2016 .november 8.<\/strong><\/p>\n<p><strong>\u00dcl\u00e9seln\u00f6k: Dr D\u00e9nes Zolt\u00e1n <\/strong><\/p>\n<p>Rehabilit\u00e1ci\u00f3s alapismeretek tanfolyam esetismertet\u00e9sek<\/p>\n<p><strong>\u00a0<\/strong><\/p>\n<ol start=\"2016\">\n<li><strong>november 22.<\/strong><\/li>\n<\/ol>\n<p><strong>\u00dcl\u00e9seln\u00f6k: Havlikn\u00e9 G Iwona<\/strong><\/p>\n<p>Rehabilit\u00e1ci\u00f3s Team Tagok F\u00f3ruma XI<\/p>\n<p><strong>\u00a0<\/strong><strong>Ritmus (zavar)<\/strong><\/p>\n<p><strong>Ember mozg\u00e1sban, az id\u0151ben, a t\u00e9rben \u00e9s ritmusban<\/strong><\/p>\n<p>1.Szemerey M\u00e1rton:\u00a0\u00a0Trauma \u00e9s gy\u00f3gyul\u00e1s a tal\u00e1lkoz\u00e1sban: Az elhangol\u00f3d\u00e1s \u00e9s r\u00e1hangol\u00f3d\u00e1s ritmusai<\/p>\n<p>2.Fekete Zs\u00f3fia, Frig\u00f3 Katalin, Nemes L\u00e1szl\u00f3:\u00a0A lass\u00fa-gyors dinamik\u00e1ja<\/p>\n<p>3.V\u00e1mosi Tibor:\u00a0\u00a0Tempo \u00a0Rubato<\/p>\n<p>4.Kora Alexandra:\u00a0A c\u00e9l szentes\u00edti a ritmust<\/p>\n<p>5.Horv\u00e1th Hanka, Papp Leila, Hrivn\u00e1k Gergely:\u00a0Ker\u00e9kRitmus<\/p>\n","protected":false},"excerpt":{"rendered":"<p>2016 .november 8. \u00dcl\u00e9seln\u00f6k: Dr D\u00e9nes Zolt\u00e1n Rehabilit\u00e1ci\u00f3s alapismeretek tanfolyam esetismertet\u00e9sek \u00a0 november 22. \u00dcl\u00e9seln\u00f6k: Havlikn\u00e9 G Iwona Rehabilit\u00e1ci\u00f3s Team Tagok F\u00f3ruma XI \u00a0Ritmus (zavar) Ember mozg\u00e1sban, az id\u0151ben, a t\u00e9rben \u00e9s ritmusban 1.Szemerey M\u00e1rton:\u00a0\u00a0Trauma \u00e9s gy\u00f3gyul\u00e1s a tal\u00e1lkoz\u00e1sban: Az elhangol\u00f3d\u00e1s \u00e9s r\u00e1hangol\u00f3d\u00e1s ritmusai 2.Fekete Zs\u00f3fia, Frig\u00f3 Katalin, Nemes L\u00e1szl\u00f3:\u00a0A lass\u00fa-gyors dinamik\u00e1ja 3.V\u00e1mosi Tibor:\u00a0\u00a0Tempo \u00a0Rubato &hellip;<\/p>\n","protected":false},"author":299,"featured_media":0,"comment_status":"closed","ping_status":"closed","sticky":false,"template":"","format":"standard","meta":{"_acf_changed":false,"footnotes":""},"categories":[5],"tags":[],"class_list":["post-407","post","type-post","status-publish","format-standard","hentry","category-referalo-ulesek"],"acf":[],"_links":{"self":[{"href":"https:\/\/semmelweis.hu\/rehab\/wp-json\/wp\/v2\/posts\/407","targetHints":{"allow":["GET"]}}],"collection":[{"href":"https:\/\/semmelweis.hu\/rehab\/wp-json\/wp\/v2\/posts"}],"about":[{"href":"https:\/\/semmelweis.hu\/rehab\/wp-json\/wp\/v2\/types\/post"}],"author":[{"embeddable":true,"href":"https:\/\/semmelweis.hu\/rehab\/wp-json\/wp\/v2\/users\/299"}],"replies":[{"embeddable":true,"href":"https:\/\/semmelweis.hu\/rehab\/wp-json\/wp\/v2\/comments?post=407"}],"version-history":[{"count":1,"href":"https:\/\/semmelweis.hu\/rehab\/wp-json\/wp\/v2\/posts\/407\/revisions"}],"predecessor-version":[{"id":408,"href":"https:\/\/semmelweis.hu\/rehab\/wp-json\/wp\/v2\/posts\/407\/revisions\/408"}],"wp:attachment":[{"href":"https:\/\/semmelweis.hu\/rehab\/wp-json\/wp\/v2\/media?parent=407"}],"wp:term":[{"taxonomy":"category","embeddable":true,"href":"https:\/\/semmelweis.hu\/rehab\/wp-json\/wp\/v2\/categories?post=407"},{"taxonomy":"post_tag","embeddable":true,"href":"https:\/\/semmelweis.hu\/rehab\/wp-json\/wp\/v2\/tags?post=407"}],"curies":[{"name":"wp","href":"https:\/\/api.w.org\/{rel}","templated":true}]}}