{"id":402,"date":"2016-10-13T14:15:38","date_gmt":"2016-10-13T12:15:38","guid":{"rendered":"http:\/\/semmelweis.hu\/rehab\/?page_id=402"},"modified":"2019-09-03T15:16:08","modified_gmt":"2019-09-03T13:16:08","slug":"2016-szeptember","status":"publish","type":"post","link":"https:\/\/semmelweis.hu\/rehab\/2016\/10\/13\/2016-szeptember\/","title":{"rendered":"2016. szeptember"},"content":{"rendered":"<p><strong>2016 .szeptember 20. Bemutatkoznak a SASOK <\/strong><\/p>\n<p><strong>\u00dcl\u00e9seln\u00f6k: dr Sz\u00e9l Istv\u00e1n <\/strong><\/p>\n<p><strong>\u00a0<\/strong><\/p>\n<p>1.Bemutatkozik a Tobii<\/p>\n<p>2.Dr. Jakubovits Edit Phd: Mennyit \u00e9r egy j\u00f3 sz\u00f3? A szuggeszt\u00edv kommunik\u00e1ci\u00f3 er\u0151forr\u00e1s vonzatai a klinikumban \u00a0<\/p>\n<p>3.M\u00e9sz\u00e1ros Edit:\u00a0 \u00a0&#8230;. \u00e9s ami megfizethetetlen: hogyan seg\u00edtheti egy SAS az \u00f6nell\u00e1t\u00e1si tev\u00e9kenys\u00e9gek \u00fajratanul\u00e1s\u00e1t speci\u00e1lis esetekben<\/p>\n<p><strong>\u00a0<\/strong><\/p>\n<p><strong>\u00a0<\/strong><\/p>\n<ol start=\"2016\">\n<li><strong> szeptember 27. <\/strong><strong>Ortop\u00e9d Oszt\u00e1ly tudom\u00e1nyos tev\u00e9kenys\u00e9ge 2016 <\/strong><strong>\u00dcl\u00e9seln\u00f6k: dr K\u00e1das Istv\u00e1n <\/strong><\/li>\n<\/ol>\n<p><strong>\u00a0<\/strong><\/p>\n<p>1.Dr. K\u00e1das Istv\u00e1n Phd f\u0151orvos: Tal\u00e1lm\u00e1nyok \u00e9s fejleszt\u00e9sek a traumatol\u00f3gi\u00e1ban<strong> <\/p>\n<p> <\/strong><\/p>\n<p>2.Dr. Kocsis Andr\u00e1s (P\u00e9terfy K\u00f3rh\u00e1z Baleseti K\u00f6zpont, Semmelweis Egyetem Traumatol\u00f3giai Tansz\u00e9k): A\u00a0 k\u00fclboka t\u00f6r\u00e9sek ell\u00e1t\u00e1sa HLS (HeadLess Screw) csavarral \n <\/p>\n<p>3.Dr. M\u00e9cs Zolt\u00e1n (P\u00e9terfy K\u00f3rh\u00e1z Baleseti K\u00f6zpont, Semmelweis Egyetem Traumatol\u00f3giai Tansz\u00e9k) A\u00a0 DH LS (Dynamic Headless Screw) szerepe a combnyakt\u00f6r\u00e9sek ell\u00e1t\u00e1s\u00e1ban<strong> <\/p>\n<p> <\/strong><\/p>\n<p>4.Dr. B\u00f6lcsh\u00e1zy Zolt\u00e1n : Cement n\u00e9lk\u00fcli t\u00e9rdprot\u00e9zisek els\u0151 eredm\u00e9nyei<\/p>\n","protected":false},"excerpt":{"rendered":"<p>2016 .szeptember 20. Bemutatkoznak a SASOK \u00dcl\u00e9seln\u00f6k: dr Sz\u00e9l Istv\u00e1n \u00a0 1.Bemutatkozik a Tobii 2.Dr. Jakubovits Edit Phd: Mennyit \u00e9r egy j\u00f3 sz\u00f3? A szuggeszt\u00edv kommunik\u00e1ci\u00f3 er\u0151forr\u00e1s vonzatai a klinikumban \u00a0 3.M\u00e9sz\u00e1ros Edit:\u00a0 \u00a0&#8230;. \u00e9s ami megfizethetetlen: hogyan seg\u00edtheti egy SAS az \u00f6nell\u00e1t\u00e1si tev\u00e9kenys\u00e9gek \u00fajratanul\u00e1s\u00e1t speci\u00e1lis esetekben \u00a0 \u00a0 szeptember 27. Ortop\u00e9d Oszt\u00e1ly tudom\u00e1nyos tev\u00e9kenys\u00e9ge &hellip;<\/p>\n","protected":false},"author":299,"featured_media":0,"comment_status":"closed","ping_status":"closed","sticky":false,"template":"","format":"standard","meta":{"_acf_changed":false,"footnotes":""},"categories":[5],"tags":[],"class_list":["post-402","post","type-post","status-publish","format-standard","hentry","category-referalo-ulesek"],"acf":[],"_links":{"self":[{"href":"https:\/\/semmelweis.hu\/rehab\/wp-json\/wp\/v2\/posts\/402","targetHints":{"allow":["GET"]}}],"collection":[{"href":"https:\/\/semmelweis.hu\/rehab\/wp-json\/wp\/v2\/posts"}],"about":[{"href":"https:\/\/semmelweis.hu\/rehab\/wp-json\/wp\/v2\/types\/post"}],"author":[{"embeddable":true,"href":"https:\/\/semmelweis.hu\/rehab\/wp-json\/wp\/v2\/users\/299"}],"replies":[{"embeddable":true,"href":"https:\/\/semmelweis.hu\/rehab\/wp-json\/wp\/v2\/comments?post=402"}],"version-history":[{"count":1,"href":"https:\/\/semmelweis.hu\/rehab\/wp-json\/wp\/v2\/posts\/402\/revisions"}],"predecessor-version":[{"id":403,"href":"https:\/\/semmelweis.hu\/rehab\/wp-json\/wp\/v2\/posts\/402\/revisions\/403"}],"wp:attachment":[{"href":"https:\/\/semmelweis.hu\/rehab\/wp-json\/wp\/v2\/media?parent=402"}],"wp:term":[{"taxonomy":"category","embeddable":true,"href":"https:\/\/semmelweis.hu\/rehab\/wp-json\/wp\/v2\/categories?post=402"},{"taxonomy":"post_tag","embeddable":true,"href":"https:\/\/semmelweis.hu\/rehab\/wp-json\/wp\/v2\/tags?post=402"}],"curies":[{"name":"wp","href":"https:\/\/api.w.org\/{rel}","templated":true}]}}