{"id":399,"date":"2016-10-13T14:13:26","date_gmt":"2016-10-13T12:13:26","guid":{"rendered":"http:\/\/semmelweis.hu\/rehab\/?page_id=399"},"modified":"2019-09-03T15:16:08","modified_gmt":"2019-09-03T13:16:08","slug":"2016-oktober","status":"publish","type":"post","link":"https:\/\/semmelweis.hu\/rehab\/2016\/10\/13\/2016-oktober\/","title":{"rendered":"2016. okt\u00f3ber"},"content":{"rendered":"<p><strong>2016 .okt\u00f3ber 18.<\/strong><\/p>\n<p><strong>\u00dcl\u00e9seln\u00f6k: Dr. Farkas P\u00e9ter <\/strong><\/p>\n<p><strong>INFEKCI\u00d3KONTROLL<\/strong><\/p>\n<ol>\n<li>Dr. Marjanek Zsuzsa: Infekci\u00f3 kontroll, infekci\u00f3 menedzsment<\/li>\n<li>Pint\u00e9r M\u00e1ria: K\u00f3rh\u00e1zak higi\u00e9n\u00e9s helyzete, avagy infekci\u00f3kontroll a m\u00e1sik oldalr\u00f3l!<\/li>\n<li>Dr. Petrovicz Edina, Dr. Farkas P\u00e9ter: Az OORI Rehabilit\u00e1ci\u00f3s Antibiotikum Protokoll (RAP) rev\u00edzi\u00f3ja<\/li>\n<\/ol>\n<p><strong>\u00a0<\/strong><\/p>\n<ol start=\"2016\">\n<li><strong> okt\u00f3ber 25.<\/strong><\/li>\n<\/ol>\n<p><strong>\u00dcl\u00e9seln\u00f6k: Dr. Boros Erzs\u00e9bet<\/strong><\/p>\n<p><strong>AUDIT NAP<\/strong><\/p>\n<p>&nbsp;<\/p>\n<ol>\n<li>Pfizer \u2013 Eliquis bemutat\u00e1sa\u00a0<\/li>\n<li>A Min\u0151s\u00e9g\u00fcgyi Bizotts\u00e1g eddigi tev\u00e9kenys\u00e9ge\u00a0\u00a0\n<ol>\n<li>k\u00e9sz\u00fcl\u0151 szakmai protokollok<\/li>\n<li>szab\u00e1lyzatok<\/li>\n<li>\u00a0<\/li>\n<\/ol>\n<\/li>\n<li>K\u00f3rlapellen\u0151rz\u00e9s finansz\u00edroz\u00e1si szempontjai \u2013 S\u00edpos Julianna, N\u00e9meth Judit<\/li>\n<li>K\u00f3rlap audit orvosi szempontb\u00f3l &#8211; Sz\u00f6gi Be\u00e1ta, Tarj\u00e1nyi Szilvia, Vass Ildik\u00f3\u00a0<\/li>\n<li>\u00c1pol\u00e1si\u00a0 betegdokument\u00e1ci\u00f3 auditja &#8211; Cs\u00e9ple\u0151 Vikt\u00f3ria\u00a0<\/li>\n<li>Betegt\u00e1j\u00e9koztat\u00e1s, beleegyez\u0151 nyilatkozatok \u2013 OBDK-aj\u00e1nl\u00e1s bemutat\u00e1sa Boros Erzs\u00e9bet, Cs\u00e9ple\u0151 Vikt\u00f3ria\u00a0<\/li>\n<li>Antibiotikum profilaxis cs\u00edp\u0151prot\u00e9zis m\u0171t\u00e9tek kapcs\u00e1n \u2013 besz\u00e1mol\u00f3 az OBDK pilot klinikai auditj\u00e1r\u00f3l \u2013 Cs\u00e9ple\u0151 Vikt\u00f3ria, Boros Erzs\u00e9bet\u00a0<\/li>\n<li>Hal\u00e1loz\u00e1si audit<\/li>\n<\/ol>\n","protected":false},"excerpt":{"rendered":"<p>2016 .okt\u00f3ber 18. \u00dcl\u00e9seln\u00f6k: Dr. Farkas P\u00e9ter INFEKCI\u00d3KONTROLL Dr. Marjanek Zsuzsa: Infekci\u00f3 kontroll, infekci\u00f3 menedzsment Pint\u00e9r M\u00e1ria: K\u00f3rh\u00e1zak higi\u00e9n\u00e9s helyzete, avagy infekci\u00f3kontroll a m\u00e1sik oldalr\u00f3l! Dr. Petrovicz Edina, Dr. Farkas P\u00e9ter: Az OORI Rehabilit\u00e1ci\u00f3s Antibiotikum Protokoll (RAP) rev\u00edzi\u00f3ja \u00a0 okt\u00f3ber 25. \u00dcl\u00e9seln\u00f6k: Dr. Boros Erzs\u00e9bet AUDIT NAP &nbsp; Pfizer \u2013 Eliquis bemutat\u00e1sa\u00a0 A Min\u0151s\u00e9g\u00fcgyi Bizotts\u00e1g &hellip;<\/p>\n","protected":false},"author":299,"featured_media":0,"comment_status":"closed","ping_status":"closed","sticky":false,"template":"","format":"standard","meta":{"_acf_changed":false,"footnotes":""},"categories":[5],"tags":[],"class_list":["post-399","post","type-post","status-publish","format-standard","hentry","category-referalo-ulesek"],"acf":[],"_links":{"self":[{"href":"https:\/\/semmelweis.hu\/rehab\/wp-json\/wp\/v2\/posts\/399","targetHints":{"allow":["GET"]}}],"collection":[{"href":"https:\/\/semmelweis.hu\/rehab\/wp-json\/wp\/v2\/posts"}],"about":[{"href":"https:\/\/semmelweis.hu\/rehab\/wp-json\/wp\/v2\/types\/post"}],"author":[{"embeddable":true,"href":"https:\/\/semmelweis.hu\/rehab\/wp-json\/wp\/v2\/users\/299"}],"replies":[{"embeddable":true,"href":"https:\/\/semmelweis.hu\/rehab\/wp-json\/wp\/v2\/comments?post=399"}],"version-history":[{"count":1,"href":"https:\/\/semmelweis.hu\/rehab\/wp-json\/wp\/v2\/posts\/399\/revisions"}],"predecessor-version":[{"id":400,"href":"https:\/\/semmelweis.hu\/rehab\/wp-json\/wp\/v2\/posts\/399\/revisions\/400"}],"wp:attachment":[{"href":"https:\/\/semmelweis.hu\/rehab\/wp-json\/wp\/v2\/media?parent=399"}],"wp:term":[{"taxonomy":"category","embeddable":true,"href":"https:\/\/semmelweis.hu\/rehab\/wp-json\/wp\/v2\/categories?post=399"},{"taxonomy":"post_tag","embeddable":true,"href":"https:\/\/semmelweis.hu\/rehab\/wp-json\/wp\/v2\/tags?post=399"}],"curies":[{"name":"wp","href":"https:\/\/api.w.org\/{rel}","templated":true}]}}