{"id":386,"date":"2016-05-31T09:26:03","date_gmt":"2016-05-31T07:26:03","guid":{"rendered":"http:\/\/semmelweis.hu\/rehab\/?page_id=386"},"modified":"2019-09-03T15:16:08","modified_gmt":"2019-09-03T13:16:08","slug":"2016-majus","status":"publish","type":"post","link":"https:\/\/semmelweis.hu\/rehab\/2016\/05\/31\/2016-majus\/","title":{"rendered":"2016. m\u00e1jus"},"content":{"rendered":"<p><strong>m\u00e1jus 3.<\/strong><\/p>\n<p><strong>Poszttrauma<\/strong><\/p>\n<p><strong>\u00dcl\u00e9seln\u00f6k: Dr. V\u00e9n Ildik\u00f3<\/strong><\/p>\n<ol>\n<li>Esetbemutat\u00e1s<\/li>\n<li>Szil\u00e1gyi G\u00e1bor : A sportter\u00e1pia szerepe egy fiatal polytraumatiz\u00e1lt rehabilit\u00e1ci\u00f3j\u00e1ban\u00a0\u00a0\u00a0\u00a0\u00a0\u00a0 (FIFO el\u0151ad\u00e1s bemutat\u00e1sa)<\/li>\n<li>Kora Alexandra, Stud\u00e1r Zita, Horv\u00e1th Hanka : N\u00e9z\u0151pont (FIFO el\u0151ad\u00e1s bemutat\u00e1sa)<\/li>\n<\/ol>\n<p>&nbsp;<\/p>\n<p><strong>m\u00e1jus 24.<\/strong><\/p>\n<p><strong>\u00dcl\u00e9seln\u00f6k: Dr. Kov\u00e1cs Magdolna<\/strong><\/p>\n<p>Szakdolgoz\u00f3i konferencia el\u0151ad\u00e1sok bemutat\u00e1sa:<\/p>\n<p>1.K\u00f6k\u00f6nyei Krisztina \u2013 poszter 3 perc \u2013 c\u00edme: \u201e\u00c1pol\u00f3i feladatok a gerincvel\u0151s\u00e9r\u00fcltek rehabilit\u00e1ci\u00f3j\u00e1ban, intermitt\u00e1l\u00f3 kat\u00e9terez\u00e9s\u201d<\/p>\n<p>2.Kuzm\u00e1nyi J\u00e1nos \u2013 el\u0151ad\u00e1s 8 perc \u2013 c\u00edme: \u201eTeam munka intenz\u00edves szeml\u00e9lettel a rehabilit\u00e1ci\u00f3ban\u201d<\/p>\n<p>3.Veress M\u00f3nika \u2013 el\u0151ad\u00e1s 8 perc \u2013 c\u00edme: \u201eFelfekv\u00e9ssel \u00e9rkez\u0151 gerincvel\u0151s\u00e9r\u00fclt emberek \u00e1pol\u00e1sa a korai rehabilit\u00e1ci\u00f3s id\u0151szakban\u201d<\/p>\n<p>4.Feh\u00e9r Zsuzsanna \u2013 poszter 3 perc \u2013 c\u00edme: \u201eBiztons\u00e1gosabb kat\u00e9terez\u00e9s\u201d<\/p>\n<p>5.P\u00e9terfi Ivett \u2013 poszter 3 perc \u2013 c\u00edme: \u201e\u201eMenteni a menthet\u0151t \u2013 posztoperat\u00edv v\u00e9rment\u00e9s\u201d<\/p>\n","protected":false},"excerpt":{"rendered":"<p>m\u00e1jus 3. Poszttrauma \u00dcl\u00e9seln\u00f6k: Dr. V\u00e9n Ildik\u00f3 Esetbemutat\u00e1s Szil\u00e1gyi G\u00e1bor : A sportter\u00e1pia szerepe egy fiatal polytraumatiz\u00e1lt rehabilit\u00e1ci\u00f3j\u00e1ban\u00a0\u00a0\u00a0\u00a0\u00a0\u00a0 (FIFO el\u0151ad\u00e1s bemutat\u00e1sa) Kora Alexandra, Stud\u00e1r Zita, Horv\u00e1th Hanka : N\u00e9z\u0151pont (FIFO el\u0151ad\u00e1s bemutat\u00e1sa) &nbsp; m\u00e1jus 24. \u00dcl\u00e9seln\u00f6k: Dr. Kov\u00e1cs Magdolna Szakdolgoz\u00f3i konferencia el\u0151ad\u00e1sok bemutat\u00e1sa: 1.K\u00f6k\u00f6nyei Krisztina \u2013 poszter 3 perc \u2013 c\u00edme: \u201e\u00c1pol\u00f3i feladatok a gerincvel\u0151s\u00e9r\u00fcltek &hellip;<\/p>\n","protected":false},"author":299,"featured_media":0,"comment_status":"closed","ping_status":"closed","sticky":false,"template":"","format":"standard","meta":{"_acf_changed":false,"footnotes":""},"categories":[5],"tags":[],"class_list":["post-386","post","type-post","status-publish","format-standard","hentry","category-referalo-ulesek"],"acf":[],"_links":{"self":[{"href":"https:\/\/semmelweis.hu\/rehab\/wp-json\/wp\/v2\/posts\/386","targetHints":{"allow":["GET"]}}],"collection":[{"href":"https:\/\/semmelweis.hu\/rehab\/wp-json\/wp\/v2\/posts"}],"about":[{"href":"https:\/\/semmelweis.hu\/rehab\/wp-json\/wp\/v2\/types\/post"}],"author":[{"embeddable":true,"href":"https:\/\/semmelweis.hu\/rehab\/wp-json\/wp\/v2\/users\/299"}],"replies":[{"embeddable":true,"href":"https:\/\/semmelweis.hu\/rehab\/wp-json\/wp\/v2\/comments?post=386"}],"version-history":[{"count":2,"href":"https:\/\/semmelweis.hu\/rehab\/wp-json\/wp\/v2\/posts\/386\/revisions"}],"predecessor-version":[{"id":388,"href":"https:\/\/semmelweis.hu\/rehab\/wp-json\/wp\/v2\/posts\/386\/revisions\/388"}],"wp:attachment":[{"href":"https:\/\/semmelweis.hu\/rehab\/wp-json\/wp\/v2\/media?parent=386"}],"wp:term":[{"taxonomy":"category","embeddable":true,"href":"https:\/\/semmelweis.hu\/rehab\/wp-json\/wp\/v2\/categories?post=386"},{"taxonomy":"post_tag","embeddable":true,"href":"https:\/\/semmelweis.hu\/rehab\/wp-json\/wp\/v2\/tags?post=386"}],"curies":[{"name":"wp","href":"https:\/\/api.w.org\/{rel}","templated":true}]}}