{"id":383,"date":"2016-05-31T09:22:03","date_gmt":"2016-05-31T07:22:03","guid":{"rendered":"http:\/\/semmelweis.hu\/rehab\/?page_id=383"},"modified":"2019-09-03T15:16:08","modified_gmt":"2019-09-03T13:16:08","slug":"2016-junius-7","status":"publish","type":"post","link":"https:\/\/semmelweis.hu\/rehab\/2016\/05\/31\/2016-junius-7\/","title":{"rendered":"2016. j\u00fanius 7."},"content":{"rendered":"<p><strong>Kutat\u00e1si nap <\/strong><\/p>\n<p><strong>\u00dcl\u00e9seln\u00f6k: Dr. D\u00e9nes Zolt\u00e1n PhD.<\/strong><\/p>\n<p>&nbsp;<\/p>\n<p>1.Dr. Fazekas G\u00e1bor: Az Orvos-m\u00e9rn\u00f6ki rehabilit\u00e1ci\u00f3s kutat\u00e1si program \u00fajabb munk\u00e1i<\/p>\n<p>2.Dr. Zsiga Katalin:\u00a0 Id\u0151seket t\u00e1mogat\u00f3 szervizrobot terepvizsg\u00e1lata<\/p>\n<p>3.Dr. Tavaszi Ibolya: MOTOREHA fel\u00e9 vezet\u0151 \u00fat (PhD. hallgat\u00f3k\u00e9nt a 2015\/2016-os tan\u00e9vben v\u00e9gzett tudom\u00e1nyos munka ismertet\u00e9se MOTOREHA klinikai vizsg\u00e1lat t\u00fckr\u00e9ben)<\/p>\n<p>4.Fekete Zs\u00f3fia: A zeneter\u00e1pia szerepe a neurorehabilit\u00e1ci\u00f3ban<\/p>\n<p>5.Sz\u00f6ll\u0151si Izabella: Interferencia kontroll af\u00e1zi\u00e1ban<\/p>\n<p>6.Dr. Kir\u00e1ly Edina: Cs\u00edp\u0151t\u00e1ji t\u00f6r\u00e9sek- megk\u00fczd\u00e9si mechanizmusok\u00a0<\/p>\n","protected":false},"excerpt":{"rendered":"<p>Kutat\u00e1si nap \u00dcl\u00e9seln\u00f6k: Dr. D\u00e9nes Zolt\u00e1n PhD. &nbsp; 1.Dr. Fazekas G\u00e1bor: Az Orvos-m\u00e9rn\u00f6ki rehabilit\u00e1ci\u00f3s kutat\u00e1si program \u00fajabb munk\u00e1i 2.Dr. Zsiga Katalin:\u00a0 Id\u0151seket t\u00e1mogat\u00f3 szervizrobot terepvizsg\u00e1lata 3.Dr. Tavaszi Ibolya: MOTOREHA fel\u00e9 vezet\u0151 \u00fat (PhD. hallgat\u00f3k\u00e9nt a 2015\/2016-os tan\u00e9vben v\u00e9gzett tudom\u00e1nyos munka ismertet\u00e9se MOTOREHA klinikai vizsg\u00e1lat t\u00fckr\u00e9ben) 4.Fekete Zs\u00f3fia: A zeneter\u00e1pia szerepe a neurorehabilit\u00e1ci\u00f3ban 5.Sz\u00f6ll\u0151si Izabella: Interferencia &hellip;<\/p>\n","protected":false},"author":299,"featured_media":0,"comment_status":"closed","ping_status":"closed","sticky":false,"template":"","format":"standard","meta":{"_acf_changed":false,"footnotes":""},"categories":[5],"tags":[],"class_list":["post-383","post","type-post","status-publish","format-standard","hentry","category-referalo-ulesek"],"acf":[],"_links":{"self":[{"href":"https:\/\/semmelweis.hu\/rehab\/wp-json\/wp\/v2\/posts\/383","targetHints":{"allow":["GET"]}}],"collection":[{"href":"https:\/\/semmelweis.hu\/rehab\/wp-json\/wp\/v2\/posts"}],"about":[{"href":"https:\/\/semmelweis.hu\/rehab\/wp-json\/wp\/v2\/types\/post"}],"author":[{"embeddable":true,"href":"https:\/\/semmelweis.hu\/rehab\/wp-json\/wp\/v2\/users\/299"}],"replies":[{"embeddable":true,"href":"https:\/\/semmelweis.hu\/rehab\/wp-json\/wp\/v2\/comments?post=383"}],"version-history":[{"count":1,"href":"https:\/\/semmelweis.hu\/rehab\/wp-json\/wp\/v2\/posts\/383\/revisions"}],"predecessor-version":[{"id":384,"href":"https:\/\/semmelweis.hu\/rehab\/wp-json\/wp\/v2\/posts\/383\/revisions\/384"}],"wp:attachment":[{"href":"https:\/\/semmelweis.hu\/rehab\/wp-json\/wp\/v2\/media?parent=383"}],"wp:term":[{"taxonomy":"category","embeddable":true,"href":"https:\/\/semmelweis.hu\/rehab\/wp-json\/wp\/v2\/categories?post=383"},{"taxonomy":"post_tag","embeddable":true,"href":"https:\/\/semmelweis.hu\/rehab\/wp-json\/wp\/v2\/tags?post=383"}],"curies":[{"name":"wp","href":"https:\/\/api.w.org\/{rel}","templated":true}]}}