{"id":364,"date":"2016-04-14T14:30:17","date_gmt":"2016-04-14T12:30:17","guid":{"rendered":"http:\/\/semmelweis.hu\/rehab\/?page_id=364"},"modified":"2019-09-03T15:16:08","modified_gmt":"2019-09-03T13:16:08","slug":"2016-aprilis-19-es-26","status":"publish","type":"post","link":"https:\/\/semmelweis.hu\/rehab\/2016\/04\/14\/2016-aprilis-19-es-26\/","title":{"rendered":"2016. \u00e1prilis 19. \u00e9s 26."},"content":{"rendered":"<p><strong>\u00e1prilis 19.<\/strong><\/p>\n<p><strong>AUDIT NAP<\/strong><\/p>\n<p><strong>\u00dcl\u00e9seln\u00f6k: Dr. Boros Erzs\u00e9bet<\/strong><\/p>\n<p>&nbsp;<\/p>\n<ol>\n<li>Bemutatkozik a meg\u00faj\u00edtott Min\u0151s\u00e9g\u00fcgyi Bizotts\u00e1g\u00a0\u00a0<\/li>\n<li>A gy\u00f3gyszerellen\u0151rz\u00e9sek tapasztalatai &#8211; Dr. T\u00f6r\u00f6k \u00c9va<\/li>\n<li>K\u00f3rlap audit &#8211; Dr. Sz\u00f6gi Be\u00e1ta, Dr. Tarj\u00e1nyi Szilvia, Dr. Vass Ildik\u00a0<\/li>\n<li>Cs\u00e9ple\u0151 Vikt\u00f3ria, Dr. Boros Erzs\u00e9bet : Probl\u00e9ma-orient\u00e1lt\u00a0 betegdokument\u00e1ci\u00f3 vizsg\u00e1lat: probl\u00e9m\u00e1k a betegazonos\u00edt\u00e1s, gy\u00f3gyszerel\u00e9s ter\u00e9\u00a0<\/li>\n<li>Nem tervezett \u00e1thelyez\u00e9sek &#8211; Sz\u00e9l Istv\u00e1n\u00a0<\/li>\n<li>Hal\u00e1loz\u00e1si audit<strong>\u00a0<\/strong><\/li>\n<\/ol>\n<p><strong>M\u0170V\u00c9SZETTER\u00c1PIA<\/strong><\/p>\n<p><strong>\u00e1prilis 26.<\/strong>\u00a0<\/p>\n<p><strong>\u00dcl\u00e9seln\u00f6k: Dr. Sz\u00e9l Istv\u00e1n <\/strong><\/p>\n<ol>\n<li>T\u00edm\u00e1r Kinga: Komplex M\u0171v\u00e9szetter\u00e1pi\u00e1s csoport az OORI Hemipl\u00e9gia oszt\u00e1ly\u00e1n. 15 perc<\/li>\n<li>\u0150rley Zita, Wagner Anna: Egyszer volt, hol nem volt&#8230; A mese \u00e9s a k\u00e9pz\u0151m\u0171v\u00e9szeti alkot\u00f3i tev\u00e9kenys\u00e9g, mint ter\u00e1pi\u00e1s eszk\u00f6z\u00f6k bemutat\u00e1sa. 20 perc<\/li>\n<li>Dr.Mas\u00e1t Orsolya: Megind\u00edt\u00f3 mozdulatok\u00a0&#8212;\u00a0T\u00f6rt\u00e9netek a t\u00e1nc elemeket mag\u00e1ban foglal\u00f3 ter\u00e1pia t\u00fckr\u00e9ben.\u00a0 15 perc<\/li>\n<li>Fekete Zs\u00f3fia: A zeneter\u00e1pia \u00e9s a rehabilit\u00e1ci\u00f3s team. 35 perc<\/li>\n<\/ol>\n","protected":false},"excerpt":{"rendered":"<p>\u00e1prilis 19. AUDIT NAP \u00dcl\u00e9seln\u00f6k: Dr. Boros Erzs\u00e9bet &nbsp; Bemutatkozik a meg\u00faj\u00edtott Min\u0151s\u00e9g\u00fcgyi Bizotts\u00e1g\u00a0\u00a0 A gy\u00f3gyszerellen\u0151rz\u00e9sek tapasztalatai &#8211; Dr. T\u00f6r\u00f6k \u00c9va K\u00f3rlap audit &#8211; Dr. Sz\u00f6gi Be\u00e1ta, Dr. Tarj\u00e1nyi Szilvia, Dr. Vass Ildik\u00a0 Cs\u00e9ple\u0151 Vikt\u00f3ria, Dr. Boros Erzs\u00e9bet : Probl\u00e9ma-orient\u00e1lt\u00a0 betegdokument\u00e1ci\u00f3 vizsg\u00e1lat: probl\u00e9m\u00e1k a betegazonos\u00edt\u00e1s, gy\u00f3gyszerel\u00e9s ter\u00e9\u00a0 Nem tervezett \u00e1thelyez\u00e9sek &#8211; Sz\u00e9l Istv\u00e1n\u00a0 Hal\u00e1loz\u00e1si audit\u00a0 &hellip;<\/p>\n","protected":false},"author":299,"featured_media":0,"comment_status":"closed","ping_status":"closed","sticky":false,"template":"","format":"standard","meta":{"_acf_changed":false,"footnotes":""},"categories":[5],"tags":[],"class_list":["post-364","post","type-post","status-publish","format-standard","hentry","category-referalo-ulesek"],"acf":[],"_links":{"self":[{"href":"https:\/\/semmelweis.hu\/rehab\/wp-json\/wp\/v2\/posts\/364","targetHints":{"allow":["GET"]}}],"collection":[{"href":"https:\/\/semmelweis.hu\/rehab\/wp-json\/wp\/v2\/posts"}],"about":[{"href":"https:\/\/semmelweis.hu\/rehab\/wp-json\/wp\/v2\/types\/post"}],"author":[{"embeddable":true,"href":"https:\/\/semmelweis.hu\/rehab\/wp-json\/wp\/v2\/users\/299"}],"replies":[{"embeddable":true,"href":"https:\/\/semmelweis.hu\/rehab\/wp-json\/wp\/v2\/comments?post=364"}],"version-history":[{"count":1,"href":"https:\/\/semmelweis.hu\/rehab\/wp-json\/wp\/v2\/posts\/364\/revisions"}],"predecessor-version":[{"id":365,"href":"https:\/\/semmelweis.hu\/rehab\/wp-json\/wp\/v2\/posts\/364\/revisions\/365"}],"wp:attachment":[{"href":"https:\/\/semmelweis.hu\/rehab\/wp-json\/wp\/v2\/media?parent=364"}],"wp:term":[{"taxonomy":"category","embeddable":true,"href":"https:\/\/semmelweis.hu\/rehab\/wp-json\/wp\/v2\/categories?post=364"},{"taxonomy":"post_tag","embeddable":true,"href":"https:\/\/semmelweis.hu\/rehab\/wp-json\/wp\/v2\/tags?post=364"}],"curies":[{"name":"wp","href":"https:\/\/api.w.org\/{rel}","templated":true}]}}