{"id":355,"date":"2016-02-16T16:14:20","date_gmt":"2016-02-16T15:14:20","guid":{"rendered":"http:\/\/semmelweis.hu\/rehab\/?page_id=355"},"modified":"2019-09-03T15:16:08","modified_gmt":"2019-09-03T13:16:08","slug":"2016-marciusi-program","status":"publish","type":"post","link":"https:\/\/semmelweis.hu\/rehab\/2016\/02\/16\/2016-marciusi-program\/","title":{"rendered":"2016. m\u00e1rciusi program"},"content":{"rendered":"<ol start=\"2016\">\n<li><strong> m\u00e1rcius 1.<\/strong><\/li>\n<\/ol>\n<p><strong>INFEKCI\u00d3KONTROLL<\/strong><\/p>\n<p><strong>\u00dcl\u00e9seln\u00f6k: Dr. Farkas P\u00e9ter<\/strong><\/p>\n<p>1.Papp Edit: Szemezget\u00e9s a IV. Orsz\u00e1gos Infekci\u00f3kontroll Tov\u00e1bbk\u00e9pz\u00e9s \u00e9s Konferencia anyag\u00e1b\u00f3l<\/p>\n<p>2.Nagy B\u00e9la, Szab\u00f3 Rita, P\u00e9ter L\u00edvia: Az infekci\u00f3kontroll tev\u00e9kenys\u00e9g 2015. \u00e9vi eredm\u00e9nyei<\/p>\n<p>3.Kiss Eszter, Berczeli M\u00e1ria, Lerner Julianna, Tomi Enik\u0151, Mikes Erzs\u00e9bet: Nocolyse l\u00e9gt\u00e9r fert\u0151tlen\u00edt\u0151 elj\u00e1r\u00e1s alkalmaz\u00e1sa az OORI-ban<\/p>\n<p>4.Dr. Farkas P\u00e9ter, Dr. D\u00e9nes Zolt\u00e1n, Nagy B\u00e9la, Dr. Belinszkaja Galina, Gr\u00f3f Kinga, Dr. Cserh\u00e1ti P\u00e9ter: Infekci\u00f3kontroll a rehabilit\u00e1ci\u00f3s ell\u00e1t\u00e1s sor\u00e1n (kongresszusi el\u0151ad\u00e1s)<\/p>\n<p><strong>\u00a0<\/strong><\/p>\n<ol start=\"2016\">\n<li><strong> m\u00e1rcius 22.<\/strong><\/li>\n<\/ol>\n<p><strong>OORI DIGIT\u00c1LIS RADIOL\u00d3GIAI G\u00c9PPARK<\/strong><\/p>\n<p><strong>5 \u00c9VES JUBILEUMI \u00dcL\u00c9SE<\/strong><\/p>\n<p><strong>\u00a0\u00dcl\u00e9seln\u00f6k: Dr. Nagy Judit<\/strong><\/p>\n<ol>\n<li>Dr. Nagy Judit (Radiol\u00f3giai oszt. vez. f\u0151orv.): K\u00f6sz\u00f6nt\u0151<\/li>\n<\/ol>\n<ol start=\"2\">\n<li>Dr. Cserh\u00e1ti P\u00e9ter PhD. (F\u0151igazgat\u00f3 f\u0151orvos): Megnyit\u00f3<\/li>\n<li>L\u00e1szl\u00f3 Imre (Siemens Healthcare Kft. \u00fcgyvezet\u0151 igazgat\u00f3): Siemens k\u00e9palkot\u00e1s a betegek szolg\u00e1lat\u00e1ban<\/li>\n<\/ol>\n<ol start=\"4\">\n<li>Dr. Nagy Judit: A Radiol\u00f3giai Oszt\u00e1ly fejl\u0151d\u00e9se, el\u00e9rt eredm\u00e9nyei\u00a0\u00a0\u00a0<\/li>\n<\/ol>\n<p>&nbsp;<\/p>\n","protected":false},"excerpt":{"rendered":"<p>m\u00e1rcius 1. INFEKCI\u00d3KONTROLL \u00dcl\u00e9seln\u00f6k: Dr. Farkas P\u00e9ter 1.Papp Edit: Szemezget\u00e9s a IV. Orsz\u00e1gos Infekci\u00f3kontroll Tov\u00e1bbk\u00e9pz\u00e9s \u00e9s Konferencia anyag\u00e1b\u00f3l 2.Nagy B\u00e9la, Szab\u00f3 Rita, P\u00e9ter L\u00edvia: Az infekci\u00f3kontroll tev\u00e9kenys\u00e9g 2015. \u00e9vi eredm\u00e9nyei 3.Kiss Eszter, Berczeli M\u00e1ria, Lerner Julianna, Tomi Enik\u0151, Mikes Erzs\u00e9bet: Nocolyse l\u00e9gt\u00e9r fert\u0151tlen\u00edt\u0151 elj\u00e1r\u00e1s alkalmaz\u00e1sa az OORI-ban 4.Dr. Farkas P\u00e9ter, Dr. D\u00e9nes Zolt\u00e1n, Nagy B\u00e9la, &hellip;<\/p>\n","protected":false},"author":299,"featured_media":0,"comment_status":"closed","ping_status":"closed","sticky":false,"template":"","format":"standard","meta":{"_acf_changed":false,"footnotes":""},"categories":[5],"tags":[],"class_list":["post-355","post","type-post","status-publish","format-standard","hentry","category-referalo-ulesek"],"acf":[],"_links":{"self":[{"href":"https:\/\/semmelweis.hu\/rehab\/wp-json\/wp\/v2\/posts\/355","targetHints":{"allow":["GET"]}}],"collection":[{"href":"https:\/\/semmelweis.hu\/rehab\/wp-json\/wp\/v2\/posts"}],"about":[{"href":"https:\/\/semmelweis.hu\/rehab\/wp-json\/wp\/v2\/types\/post"}],"author":[{"embeddable":true,"href":"https:\/\/semmelweis.hu\/rehab\/wp-json\/wp\/v2\/users\/299"}],"replies":[{"embeddable":true,"href":"https:\/\/semmelweis.hu\/rehab\/wp-json\/wp\/v2\/comments?post=355"}],"version-history":[{"count":1,"href":"https:\/\/semmelweis.hu\/rehab\/wp-json\/wp\/v2\/posts\/355\/revisions"}],"predecessor-version":[{"id":356,"href":"https:\/\/semmelweis.hu\/rehab\/wp-json\/wp\/v2\/posts\/355\/revisions\/356"}],"wp:attachment":[{"href":"https:\/\/semmelweis.hu\/rehab\/wp-json\/wp\/v2\/media?parent=355"}],"wp:term":[{"taxonomy":"category","embeddable":true,"href":"https:\/\/semmelweis.hu\/rehab\/wp-json\/wp\/v2\/categories?post=355"},{"taxonomy":"post_tag","embeddable":true,"href":"https:\/\/semmelweis.hu\/rehab\/wp-json\/wp\/v2\/tags?post=355"}],"curies":[{"name":"wp","href":"https:\/\/api.w.org\/{rel}","templated":true}]}}