{"id":353,"date":"2016-02-16T16:08:01","date_gmt":"2016-02-16T15:08:01","guid":{"rendered":"http:\/\/semmelweis.hu\/rehab\/?page_id=353"},"modified":"2019-09-03T15:16:09","modified_gmt":"2019-09-03T13:16:09","slug":"2016-februar-16-i-program","status":"publish","type":"post","link":"https:\/\/semmelweis.hu\/rehab\/2016\/02\/16\/2016-februar-16-i-program\/","title":{"rendered":"2016. febru\u00e1r 16-i program"},"content":{"rendered":"<ol start=\"2016\">\n<li><strong> febru\u00e1r 16.<\/strong><\/li>\n<\/ol>\n<p><strong>\u00a0<\/strong><\/p>\n<p><strong>\u00dcl\u00e9seln\u00f6k: Dr. D\u00e9nes Zolt\u00e1n f\u0151orvos<\/strong><\/p>\n<p><strong>Int\u00e9zeti tudom\u00e1nyos &#8211; oktat\u00f3i tev\u00e9kenys\u00e9g \u00e9ves besz\u00e1mol\u00f3ja<\/strong><\/p>\n<p><strong>\u00a0<\/strong><\/p>\n<ol>\n<li>Dr. D\u00e9nes Zolt\u00e1n, T\u00e1pay Gabriella, Grimmn\u00e9 \u00c1cs Ildik\u00f3: OORI tudom\u00e1nyos \u00e9let, oktat\u00e1s 2015.<\/li>\n<li>Gr\u00f3f Kinga, Havlikn\u00e9 Glabisz Iwona: A szakdolgoz\u00f3i oktat\u00e1si \u00e9s tudom\u00e1nyos tev\u00e9kenys\u00e9g 2015 \u00e9vben<\/li>\n<li>Dr. Cserh\u00e1ti P\u00e9ter: az OORI perspekt\u00edv\u00e1i 2016<\/li>\n<li>Dr Cserh\u00e1ti P\u00e9ter, Dr Bany\u00f3 Tam\u00e1s, Dr Klauber Andr\u00e1s, Dr Sebesty\u00e9n Andor: Urodinamikai laborat\u00f3riumok (vizsg\u00e1latok) helyzete Magyarorsz\u00e1gon<\/li>\n<\/ol>\n","protected":false},"excerpt":{"rendered":"<p>febru\u00e1r 16. \u00a0 \u00dcl\u00e9seln\u00f6k: Dr. D\u00e9nes Zolt\u00e1n f\u0151orvos Int\u00e9zeti tudom\u00e1nyos &#8211; oktat\u00f3i tev\u00e9kenys\u00e9g \u00e9ves besz\u00e1mol\u00f3ja \u00a0 Dr. D\u00e9nes Zolt\u00e1n, T\u00e1pay Gabriella, Grimmn\u00e9 \u00c1cs Ildik\u00f3: OORI tudom\u00e1nyos \u00e9let, oktat\u00e1s 2015. Gr\u00f3f Kinga, Havlikn\u00e9 Glabisz Iwona: A szakdolgoz\u00f3i oktat\u00e1si \u00e9s tudom\u00e1nyos tev\u00e9kenys\u00e9g 2015 \u00e9vben Dr. Cserh\u00e1ti P\u00e9ter: az OORI perspekt\u00edv\u00e1i 2016 Dr Cserh\u00e1ti P\u00e9ter, Dr Bany\u00f3 Tam\u00e1s, &hellip;<\/p>\n","protected":false},"author":299,"featured_media":0,"comment_status":"closed","ping_status":"closed","sticky":false,"template":"","format":"standard","meta":{"_acf_changed":false,"footnotes":""},"categories":[5],"tags":[],"class_list":["post-353","post","type-post","status-publish","format-standard","hentry","category-referalo-ulesek"],"acf":[],"_links":{"self":[{"href":"https:\/\/semmelweis.hu\/rehab\/wp-json\/wp\/v2\/posts\/353","targetHints":{"allow":["GET"]}}],"collection":[{"href":"https:\/\/semmelweis.hu\/rehab\/wp-json\/wp\/v2\/posts"}],"about":[{"href":"https:\/\/semmelweis.hu\/rehab\/wp-json\/wp\/v2\/types\/post"}],"author":[{"embeddable":true,"href":"https:\/\/semmelweis.hu\/rehab\/wp-json\/wp\/v2\/users\/299"}],"replies":[{"embeddable":true,"href":"https:\/\/semmelweis.hu\/rehab\/wp-json\/wp\/v2\/comments?post=353"}],"version-history":[{"count":1,"href":"https:\/\/semmelweis.hu\/rehab\/wp-json\/wp\/v2\/posts\/353\/revisions"}],"predecessor-version":[{"id":354,"href":"https:\/\/semmelweis.hu\/rehab\/wp-json\/wp\/v2\/posts\/353\/revisions\/354"}],"wp:attachment":[{"href":"https:\/\/semmelweis.hu\/rehab\/wp-json\/wp\/v2\/media?parent=353"}],"wp:term":[{"taxonomy":"category","embeddable":true,"href":"https:\/\/semmelweis.hu\/rehab\/wp-json\/wp\/v2\/categories?post=353"},{"taxonomy":"post_tag","embeddable":true,"href":"https:\/\/semmelweis.hu\/rehab\/wp-json\/wp\/v2\/tags?post=353"}],"curies":[{"name":"wp","href":"https:\/\/api.w.org\/{rel}","templated":true}]}}