{"id":348,"date":"2016-01-20T14:22:10","date_gmt":"2016-01-20T13:22:10","guid":{"rendered":"http:\/\/semmelweis.hu\/rehab\/?page_id=348"},"modified":"2019-09-03T15:16:09","modified_gmt":"2019-09-03T13:16:09","slug":"2016-januar-26","status":"publish","type":"post","link":"https:\/\/semmelweis.hu\/rehab\/2016\/01\/20\/2016-januar-26\/","title":{"rendered":"2016. janu\u00e1r 26."},"content":{"rendered":"<p><strong>\u00dcl\u00e9seln\u00f6k: Dr. Cserh\u00e1ti P\u00e9ter<\/strong><\/p>\n<ol>\n<li>Dr. N\u00e9meth Orsolya: Fog\u00e1szati \u00e9s Sz\u00e1jseb\u00e9szeti Oktat\u00f3 \u00a0Int\u00e9zet els\u0151 h\u00e1rom h\u00f3napja az OORI- ban<\/li>\n<li>Dr. Gillinger Anett: Hemipl\u00e9gia Oszt\u00e1lyon folyt betegre szabott gy\u00f3gyszerel\u00e9s mini projekt tanuls\u00e1gai<\/li>\n<li>Dr. Cserh\u00e1ti P\u00e9ter, Dr. Bany\u00f3 Tam\u00e1s, Dr. Klauber Andr\u00e1s, Dr. Sebesty\u00e9n Andor: Urodinamikai laborat\u00f3riumok (vizsg\u00e1latok) helyzete Magyarorsz\u00e1gon<\/li>\n<\/ol>\n","protected":false},"excerpt":{"rendered":"<p>\u00dcl\u00e9seln\u00f6k: Dr. Cserh\u00e1ti P\u00e9ter<\/p>\n<p>Dr. N\u00e9meth Orsolya: Fog\u00e1szati \u00e9s Sz\u00e1jseb\u00e9szeti Oktat\u00f3 \u00a0Int\u00e9zet els\u0151 h\u00e1rom h\u00f3napja az OORI- ban<br \/>\nDr. Gillinger Anett: Hemipl\u00e9gia Oszt\u00e1lyon folyt betegre szabott gy\u00f3gyszerel\u00e9s mini projekt tanuls\u00e1gai<br \/>\nDr. Cserh\u00e1ti P\u00e9ter, Dr. Bany\u00f3 Tam\u00e1s, Dr. Klauber Andr\u00e1s, Dr. Sebesty\u00e9n Andor: Urodinamikai laborat\u00f3riumok (vizsg\u00e1latok) helyzete Magyarorsz\u00e1gon<\/p>\n","protected":false},"author":299,"featured_media":0,"comment_status":"closed","ping_status":"closed","sticky":false,"template":"","format":"standard","meta":{"_acf_changed":false,"footnotes":""},"categories":[5],"tags":[],"class_list":["post-348","post","type-post","status-publish","format-standard","hentry","category-referalo-ulesek"],"acf":[],"_links":{"self":[{"href":"https:\/\/semmelweis.hu\/rehab\/wp-json\/wp\/v2\/posts\/348","targetHints":{"allow":["GET"]}}],"collection":[{"href":"https:\/\/semmelweis.hu\/rehab\/wp-json\/wp\/v2\/posts"}],"about":[{"href":"https:\/\/semmelweis.hu\/rehab\/wp-json\/wp\/v2\/types\/post"}],"author":[{"embeddable":true,"href":"https:\/\/semmelweis.hu\/rehab\/wp-json\/wp\/v2\/users\/299"}],"replies":[{"embeddable":true,"href":"https:\/\/semmelweis.hu\/rehab\/wp-json\/wp\/v2\/comments?post=348"}],"version-history":[{"count":1,"href":"https:\/\/semmelweis.hu\/rehab\/wp-json\/wp\/v2\/posts\/348\/revisions"}],"predecessor-version":[{"id":349,"href":"https:\/\/semmelweis.hu\/rehab\/wp-json\/wp\/v2\/posts\/348\/revisions\/349"}],"wp:attachment":[{"href":"https:\/\/semmelweis.hu\/rehab\/wp-json\/wp\/v2\/media?parent=348"}],"wp:term":[{"taxonomy":"category","embeddable":true,"href":"https:\/\/semmelweis.hu\/rehab\/wp-json\/wp\/v2\/categories?post=348"},{"taxonomy":"post_tag","embeddable":true,"href":"https:\/\/semmelweis.hu\/rehab\/wp-json\/wp\/v2\/tags?post=348"}],"curies":[{"name":"wp","href":"https:\/\/api.w.org\/{rel}","templated":true}]}}