{"id":343,"date":"2016-01-12T12:51:36","date_gmt":"2016-01-12T11:51:36","guid":{"rendered":"http:\/\/semmelweis.hu\/rehab\/?page_id=343"},"modified":"2019-09-03T15:16:09","modified_gmt":"2019-09-03T13:16:09","slug":"2016-januari-program","status":"publish","type":"post","link":"https:\/\/semmelweis.hu\/rehab\/2016\/01\/12\/2016-januari-program\/","title":{"rendered":"2016. janu\u00e1r 19."},"content":{"rendered":"<p><strong>2016. janu\u00e1r 19.<\/strong> <strong>\u00a0<\/strong>Helysz\u00edn: OORI \u00a0f\u0151\u00e9p\u00fclet, f\u00f6ldszinti el\u0151ad\u00f3 Id\u0151pont : kedd 14.00 <strong>\u00a0<\/strong> <strong>\u00dcl\u00e9seln\u00f6k: Dr. Boros Erzs\u00e9bet<\/strong><\/p>\n<ol>\n<li>Esetismertet\u00e9sek &#8211; Vegyes Profil\u00fa Oszt\u00e1ly<\/li>\n<\/ol>\n<ol start=\"2\">\n<li>Kov\u00e1cs L\u00e1szl\u00f3n\u00e9:\u00a0Kit\u0171zi-e c\u00e9lk\u00e9nt a stroke beteg az \u00f6nell\u00e1t\u00f3 k\u00e9pess\u00e9g el\u00e9r\u00e9s\u00e9tc\u00e9l egyeztet\u0151 megbesz\u00e9l\u00e9seink\u00a0tanuls\u00e1ga szerint?<\/li>\n<\/ol>\n<p>Nyugat Pannon F\u00f3rum S\u00e1rv\u00e1r 2016. janu\u00e1r 28.<\/p>\n<ol start=\"3\">\n<li>20 \u00e9ves a Mozg\u00e1ss\u00e9r\u00fclt Emberek \u00d6n\u00e1ll\u00f3 \u00c9let (\u00d6N\u00c9) Egyes\u00fclete<\/li>\n<\/ol>\n<p>A r\u00e9v\u00e9sz tev\u00e9kenys\u00e9g t\u00f6rt\u00e9nete filmen \u00e9s el\u0151ad\u00e1sban (Harmath J\u00e1nos)<\/p>\n","protected":false},"excerpt":{"rendered":"<p>2016. janu\u00e1r 19. \u00a0Helysz\u00edn: OORI \u00a0f\u0151\u00e9p\u00fclet, f\u00f6ldszinti el\u0151ad\u00f3 Id\u0151pont : kedd 14.00 \u00a0 \u00dcl\u00e9seln\u00f6k: Dr. Boros Erzs\u00e9bet Esetismertet\u00e9sek &#8211; Vegyes Profil\u00fa Oszt\u00e1ly Kov\u00e1cs L\u00e1szl\u00f3n\u00e9:\u00a0Kit\u0171zi-e c\u00e9lk\u00e9nt a stroke beteg az \u00f6nell\u00e1t\u00f3 k\u00e9pess\u00e9g el\u00e9r\u00e9s\u00e9tc\u00e9l egyeztet\u0151 megbesz\u00e9l\u00e9seink\u00a0tanuls\u00e1ga szerint? Nyugat Pannon F\u00f3rum S\u00e1rv\u00e1r 2016. janu\u00e1r 28. 20 \u00e9ves a Mozg\u00e1ss\u00e9r\u00fclt Emberek \u00d6n\u00e1ll\u00f3 \u00c9let (\u00d6N\u00c9) Egyes\u00fclete A r\u00e9v\u00e9sz tev\u00e9kenys\u00e9g t\u00f6rt\u00e9nete &hellip;<\/p>\n","protected":false},"author":299,"featured_media":0,"comment_status":"closed","ping_status":"closed","sticky":false,"template":"","format":"standard","meta":{"_acf_changed":false,"footnotes":""},"categories":[5],"tags":[],"class_list":["post-343","post","type-post","status-publish","format-standard","hentry","category-referalo-ulesek"],"acf":[],"_links":{"self":[{"href":"https:\/\/semmelweis.hu\/rehab\/wp-json\/wp\/v2\/posts\/343","targetHints":{"allow":["GET"]}}],"collection":[{"href":"https:\/\/semmelweis.hu\/rehab\/wp-json\/wp\/v2\/posts"}],"about":[{"href":"https:\/\/semmelweis.hu\/rehab\/wp-json\/wp\/v2\/types\/post"}],"author":[{"embeddable":true,"href":"https:\/\/semmelweis.hu\/rehab\/wp-json\/wp\/v2\/users\/299"}],"replies":[{"embeddable":true,"href":"https:\/\/semmelweis.hu\/rehab\/wp-json\/wp\/v2\/comments?post=343"}],"version-history":[{"count":2,"href":"https:\/\/semmelweis.hu\/rehab\/wp-json\/wp\/v2\/posts\/343\/revisions"}],"predecessor-version":[{"id":351,"href":"https:\/\/semmelweis.hu\/rehab\/wp-json\/wp\/v2\/posts\/343\/revisions\/351"}],"wp:attachment":[{"href":"https:\/\/semmelweis.hu\/rehab\/wp-json\/wp\/v2\/media?parent=343"}],"wp:term":[{"taxonomy":"category","embeddable":true,"href":"https:\/\/semmelweis.hu\/rehab\/wp-json\/wp\/v2\/categories?post=343"},{"taxonomy":"post_tag","embeddable":true,"href":"https:\/\/semmelweis.hu\/rehab\/wp-json\/wp\/v2\/tags?post=343"}],"curies":[{"name":"wp","href":"https:\/\/api.w.org\/{rel}","templated":true}]}}