{"id":333,"date":"2015-12-18T11:33:28","date_gmt":"2015-12-18T10:33:28","guid":{"rendered":"http:\/\/semmelweis.hu\/rehab\/?page_id=333"},"modified":"2019-09-03T15:16:09","modified_gmt":"2019-09-03T13:16:09","slug":"2016-i-felevre-tervezett-program","status":"publish","type":"post","link":"https:\/\/semmelweis.hu\/rehab\/2015\/12\/18\/2016-i-felevre-tervezett-program\/","title":{"rendered":"2016. I. f\u00e9l\u00e9vre tervezett program"},"content":{"rendered":"<table style=\"height: 1694px\" width=\"639\">\n<tbody>\n<tr>\n<td width=\"100\"><strong>ID\u0150PONT<\/strong><\/td>\n<td width=\"246\"><strong>T\u00c9MA<\/strong><\/td>\n<td width=\"132\"><strong>\u00dcL\u00c9SELN\u00d6K<\/strong><\/td>\n<td width=\"170\">&nbsp;<\/p>\n<p><strong>MEGJEGYZ\u00c9S<\/strong><\/p>\n<p><strong>\u00a0<\/strong><\/td>\n<\/tr>\n<tr>\n<td width=\"100\">Janu\u00e1r 19.<\/p>\n<p>&nbsp;<\/td>\n<td width=\"246\">Vegyes Profil\u00fa Mozg\u00e1sszervi Rehabilit\u00e1ci\u00f3s Oszt\u00e1ly<\/p>\n<p>(esetbemutat\u00e1s)<\/p>\n<p>20 \u00e9vesek a R\u00e9v\u00e9szek<\/td>\n<td width=\"132\">Dr. Boros Erzs\u00e9bet<\/td>\n<td width=\"170\">&nbsp;<\/td>\n<\/tr>\n<tr>\n<td width=\"100\">Janu\u00e1r 26.<\/td>\n<td width=\"246\">Bemutatkozik a fog\u00e1szat<\/p>\n<p>Besz\u00e1mol\u00f3 a kp. gy\u00f3gyszerel\u00e9si pilotr\u00f3l<\/p>\n<p>Urodinamika helyzete Mo.-on<\/td>\n<td width=\"132\">Dr. Cserh\u00e1ti P\u00e9ter<\/td>\n<td width=\"170\">&nbsp;<\/td>\n<\/tr>\n<tr>\n<td width=\"100\">Febru\u00e1r 2.<\/td>\n<td width=\"246\">S\u00fcrg\u0151ss\u00e9gi pszichi\u00e1tria<\/td>\n<td width=\"132\">Dr. Harmatta J\u00e1nos<\/td>\n<td width=\"170\">&nbsp;<\/td>\n<\/tr>\n<tr>\n<td width=\"100\">Febru\u00e1r 16.<\/p>\n<p>&nbsp;<\/td>\n<td width=\"246\">Tudom\u00e1nyos besz\u00e1mol\u00f3<\/td>\n<td width=\"132\">Dr. D\u00e9nes Zolt\u00e1n<\/td>\n<td width=\"170\">&nbsp;<\/td>\n<\/tr>\n<tr>\n<td width=\"100\">M\u00e1rcius 1.<\/p>\n<p>&nbsp;<\/td>\n<td width=\"246\">Infekci\u00f3kontroll<\/p>\n<p>&nbsp;<\/td>\n<td width=\"132\">Dr. Farkas P\u00e9ter<\/td>\n<td width=\"170\">&nbsp;<\/td>\n<\/tr>\n<tr>\n<td width=\"100\">M\u00e1rcius 22.<\/td>\n<td width=\"246\">Digit\u00e1lis radiol\u00f3gia<\/td>\n<td width=\"132\">Dr. Nagy Judit<\/p>\n<p>&nbsp;<\/td>\n<td width=\"170\">&nbsp;<\/td>\n<\/tr>\n<tr>\n<td width=\"100\">\u00c1prilis 5.<\/p>\n<p>&nbsp;<\/td>\n<td width=\"246\">Audit nap<\/td>\n<td width=\"132\">Dr. Boros Erzs\u00e9bet<\/td>\n<td width=\"170\">&nbsp;<\/td>\n<\/tr>\n<tr>\n<td width=\"100\">\u00c1prilis 19.<\/td>\n<td width=\"246\">\u00c9rtekezlet<\/td>\n<td width=\"132\">Dr. Cserh\u00e1ti P\u00e9ter<\/td>\n<td width=\"170\">&nbsp;<\/td>\n<\/tr>\n<tr>\n<td width=\"100\">\u00c1prilis 26.<\/td>\n<td width=\"246\">M\u0171v\u00e9szetter\u00e1pia az OORI-ban<\/td>\n<td width=\"132\">Dr. Sz\u00e9l Istv\u00e1n<\/td>\n<td width=\"170\">&nbsp;<\/td>\n<\/tr>\n<tr>\n<td width=\"100\">M\u00e1jus 3.<\/td>\n<td width=\"246\">Baleseti Mozg\u00e1ss\u00e9r\u00fcltek Rehabilit\u00e1ci\u00f3s Oszt\u00e1lya<\/p>\n<p>(esetbemutat\u00e1s)<\/td>\n<td width=\"132\">Dr. V\u00e9n Ildik\u00f3<\/td>\n<td width=\"170\">&nbsp;<\/p>\n<p>Fiatalok F\u00f3ruma<\/td>\n<\/tr>\n<tr>\n<td width=\"100\">M\u00e1jus 24.<\/td>\n<td width=\"246\">Ortop\u00e9diai Oszt\u00e1ly<\/p>\n<p>(esetbemutat\u00e1s)<\/td>\n<td width=\"132\">Dr. Kov\u00e1cs Magdolna<\/td>\n<td width=\"170\">Besz\u00e1mol\u00f3 k\u00e9zseb\u00e9szeti kurzusr\u00f3l<\/td>\n<\/tr>\n<tr>\n<td width=\"100\">J\u00fanius 7.<\/td>\n<td width=\"246\">Kutat\u00e1si nap<\/td>\n<td width=\"132\">Dr. D\u00e9nes Zolt\u00e1n<\/td>\n<td width=\"170\">&nbsp;<\/td>\n<\/tr>\n<\/tbody>\n<\/table>\n","protected":false},"excerpt":{"rendered":"<p>ID\u0150PONT T\u00c9MA \u00dcL\u00c9SELN\u00d6K &nbsp; MEGJEGYZ\u00c9S \u00a0 Janu\u00e1r 19. &nbsp; Vegyes Profil\u00fa Mozg\u00e1sszervi Rehabilit\u00e1ci\u00f3s Oszt\u00e1ly (esetbemutat\u00e1s) 20 \u00e9vesek a R\u00e9v\u00e9szek Dr. Boros Erzs\u00e9bet &nbsp; Janu\u00e1r 26. Bemutatkozik a fog\u00e1szat Besz\u00e1mol\u00f3 a kp. gy\u00f3gyszerel\u00e9si pilotr\u00f3l Urodinamika helyzete Mo.-on Dr. Cserh\u00e1ti P\u00e9ter &nbsp; Febru\u00e1r 2. S\u00fcrg\u0151ss\u00e9gi pszichi\u00e1tria Dr. Harmatta J\u00e1nos &nbsp; Febru\u00e1r 16. &nbsp; Tudom\u00e1nyos besz\u00e1mol\u00f3 Dr. D\u00e9nes &hellip;<\/p>\n","protected":false},"author":299,"featured_media":0,"comment_status":"closed","ping_status":"closed","sticky":false,"template":"","format":"standard","meta":{"_acf_changed":false,"footnotes":""},"categories":[5],"tags":[],"class_list":["post-333","post","type-post","status-publish","format-standard","hentry","category-referalo-ulesek"],"acf":[],"_links":{"self":[{"href":"https:\/\/semmelweis.hu\/rehab\/wp-json\/wp\/v2\/posts\/333","targetHints":{"allow":["GET"]}}],"collection":[{"href":"https:\/\/semmelweis.hu\/rehab\/wp-json\/wp\/v2\/posts"}],"about":[{"href":"https:\/\/semmelweis.hu\/rehab\/wp-json\/wp\/v2\/types\/post"}],"author":[{"embeddable":true,"href":"https:\/\/semmelweis.hu\/rehab\/wp-json\/wp\/v2\/users\/299"}],"replies":[{"embeddable":true,"href":"https:\/\/semmelweis.hu\/rehab\/wp-json\/wp\/v2\/comments?post=333"}],"version-history":[{"count":1,"href":"https:\/\/semmelweis.hu\/rehab\/wp-json\/wp\/v2\/posts\/333\/revisions"}],"predecessor-version":[{"id":334,"href":"https:\/\/semmelweis.hu\/rehab\/wp-json\/wp\/v2\/posts\/333\/revisions\/334"}],"wp:attachment":[{"href":"https:\/\/semmelweis.hu\/rehab\/wp-json\/wp\/v2\/media?parent=333"}],"wp:term":[{"taxonomy":"category","embeddable":true,"href":"https:\/\/semmelweis.hu\/rehab\/wp-json\/wp\/v2\/categories?post=333"},{"taxonomy":"post_tag","embeddable":true,"href":"https:\/\/semmelweis.hu\/rehab\/wp-json\/wp\/v2\/tags?post=333"}],"curies":[{"name":"wp","href":"https:\/\/api.w.org\/{rel}","templated":true}]}}