{"id":326,"date":"2015-11-10T10:01:42","date_gmt":"2015-11-10T09:01:42","guid":{"rendered":"http:\/\/semmelweis.hu\/rehab\/?page_id=326"},"modified":"2019-09-03T15:16:09","modified_gmt":"2019-09-03T13:16:09","slug":"2015-novemberi-program","status":"publish","type":"post","link":"https:\/\/semmelweis.hu\/rehab\/2015\/11\/10\/2015-novemberi-program\/","title":{"rendered":"2015. novemberi program"},"content":{"rendered":"<p><span style=\"color: #000000\"><b>\u00a0<\/b><\/span><\/p>\n<p><strong>\u00a02015. november 17. (14:00 &#8211; 16:30)<\/strong><\/p>\n<p><strong>Team F\u00f3rum<\/strong><\/p>\n<p><strong>Az OORI teste. A lehet\u0151s\u00e9gek tere.<\/strong><\/p>\n<p><strong>\u00dcl\u00e9seln\u00f6k: Verseghi Anna<\/strong><\/p>\n<p>&nbsp;<\/p>\n<p>Bevezet\u0151: az eddigi kilenc f\u00f3rum r\u00f6vid \u00f6sszegz\u00e9se. El\u0151adja: Verseghi Anna, S. Nagy Zita, Szab\u00f3 G\u00e1bor<\/p>\n<p>1.1 Gy\u00f3gy\u00edt\u00f3 t\u00e9r g\u00f3rcs\u0151 alatt: k\u00f6rnyezetpszichol\u00f3giai benyom\u00e1sok az OORI tereir\u0151l. El\u0151adja: D\u00fall Andrea<\/p>\n<p>T\u00e9r Hangok 1.*<\/p>\n<p><strong>Korai r\u00e9szlegek:<\/strong><\/p>\n<p>2.1. Rehabilit\u00e1ci\u00f3: 24 \u00f3ra szem el\u0151tt \u2013 g\u00e9ppel vagy g\u00e9p n\u00e9lk\u00fcl. El\u0151adja: Veress M\u00f3nika, Szany\u00f3 Zsuzsanna<\/p>\n<p>2.2. Tetrapl\u00e9g betegek l\u00e1t\u00f3tere a szubintenz\u00edv k\u00f6rnyezetben. El\u0151adja: Kora Alexandra, Studer Zita, Horv\u00e1th Hanka<\/p>\n<p>2.3. Team munka intenz\u00edves szeml\u00e9lettel a rehabilit\u00e1ci\u00f3ban. El\u0151adja: Kuzm\u00e1nyi J\u00e1nos, Gorj\u00e1n\u00e1c Ilona, \u00dari Zita<\/p>\n<p>2.4. \u00c1tmeneti terek. El\u0151adja: Luk\u00e1cs Mirjam, Papi R\u00e9ka, Wagner Anna<\/p>\n<p>T\u00e9r Hangok 2.*<\/p>\n<p><strong>Fent az oszt\u00e1lyokon:<\/strong><\/p>\n<p>3.1. Biztons\u00e1g \u2013 Ki f\u00e9l jobban? El\u0151adja: Feh\u00e9r Zsuzsanna, Kiszel Klaudia<\/p>\n<p>3.2. K\u00f6z\u00f6ss\u00e9gi terek felhaszn\u00e1l\u00e1sa az Agys\u00e9r\u00fcltek Rehabilit\u00e1ci\u00f3s Oszt\u00e1ly\u00e1n (k\u00f6z\u00f6s torna). El\u0151adja: Bolla Brigitta, Gacsal Csaba<\/p>\n<p>T\u00e9r Hangok 3.*<\/p>\n<p><strong>K\u00f6zponti terek:<\/strong><\/p>\n<p>4.1. Biztons\u00e1gban a medenc\u00e9ben?! El\u0151adja: Sz\u00e1nt\u00f3 Krisztina<\/p>\n<p>4.2. T\u00e9rer\u0151. El\u0151adja: V\u00e1mos Tibor (<u>A nap z\u00e1r\u00f3 el\u0151ad\u00e1sa lesz a legv\u00e9g\u00e9n!<\/u>)<\/p>\n<p>T\u00e9r Hangok 4.*<\/p>\n<p><strong>A Kert:<\/strong><\/p>\n<p>5.1. K\u00c9P &#8211; T\u00c9R &#8211; K\u00c9P. El\u0151adja: \u0150rley Zita, Wagner Anna<\/p>\n<p>*Fekete Zs\u00f3fia, Cselen\u00e1k Zsolt<\/p>\n","protected":false},"excerpt":{"rendered":"<p>\u00a0 \u00a02015. november 17. (14:00 &#8211; 16:30) Team F\u00f3rum Az OORI teste. A lehet\u0151s\u00e9gek tere. \u00dcl\u00e9seln\u00f6k: Verseghi Anna &nbsp; Bevezet\u0151: az eddigi kilenc f\u00f3rum r\u00f6vid \u00f6sszegz\u00e9se. El\u0151adja: Verseghi Anna, S. Nagy Zita, Szab\u00f3 G\u00e1bor 1.1 Gy\u00f3gy\u00edt\u00f3 t\u00e9r g\u00f3rcs\u0151 alatt: k\u00f6rnyezetpszichol\u00f3giai benyom\u00e1sok az OORI tereir\u0151l. El\u0151adja: D\u00fall Andrea T\u00e9r Hangok 1.* Korai r\u00e9szlegek: 2.1. Rehabilit\u00e1ci\u00f3: 24 &hellip;<\/p>\n","protected":false},"author":299,"featured_media":0,"comment_status":"closed","ping_status":"closed","sticky":false,"template":"","format":"standard","meta":{"_acf_changed":false,"footnotes":""},"categories":[5],"tags":[],"class_list":["post-326","post","type-post","status-publish","format-standard","hentry","category-referalo-ulesek"],"acf":[],"_links":{"self":[{"href":"https:\/\/semmelweis.hu\/rehab\/wp-json\/wp\/v2\/posts\/326","targetHints":{"allow":["GET"]}}],"collection":[{"href":"https:\/\/semmelweis.hu\/rehab\/wp-json\/wp\/v2\/posts"}],"about":[{"href":"https:\/\/semmelweis.hu\/rehab\/wp-json\/wp\/v2\/types\/post"}],"author":[{"embeddable":true,"href":"https:\/\/semmelweis.hu\/rehab\/wp-json\/wp\/v2\/users\/299"}],"replies":[{"embeddable":true,"href":"https:\/\/semmelweis.hu\/rehab\/wp-json\/wp\/v2\/comments?post=326"}],"version-history":[{"count":1,"href":"https:\/\/semmelweis.hu\/rehab\/wp-json\/wp\/v2\/posts\/326\/revisions"}],"predecessor-version":[{"id":327,"href":"https:\/\/semmelweis.hu\/rehab\/wp-json\/wp\/v2\/posts\/326\/revisions\/327"}],"wp:attachment":[{"href":"https:\/\/semmelweis.hu\/rehab\/wp-json\/wp\/v2\/media?parent=326"}],"wp:term":[{"taxonomy":"category","embeddable":true,"href":"https:\/\/semmelweis.hu\/rehab\/wp-json\/wp\/v2\/categories?post=326"},{"taxonomy":"post_tag","embeddable":true,"href":"https:\/\/semmelweis.hu\/rehab\/wp-json\/wp\/v2\/tags?post=326"}],"curies":[{"name":"wp","href":"https:\/\/api.w.org\/{rel}","templated":true}]}}