{"id":320,"date":"2015-10-07T09:47:45","date_gmt":"2015-10-07T07:47:45","guid":{"rendered":"http:\/\/semmelweis.hu\/rehab\/?page_id=320"},"modified":"2019-09-03T15:16:09","modified_gmt":"2019-09-03T13:16:09","slug":"2015-oktoberi-program","status":"publish","type":"post","link":"https:\/\/semmelweis.hu\/rehab\/2015\/10\/07\/2015-oktoberi-program\/","title":{"rendered":"2015. okt\u00f3beri program"},"content":{"rendered":"<p><strong>Okt\u00f3ber \u00a06. Kommunik\u00e1ci\u00f3 gyakorlata az OORI-ban <\/strong><\/p>\n<p><strong>\u00dcl\u00e9seln\u00f6k Dr. Cserh\u00e1ti P\u00e9ter<\/strong><\/p>\n<p>&nbsp;<\/p>\n<p>1.Wolf Gy\u00f6rgy \u00a0MTA MTMT Oktat\u00e1si Csoport vezet\u0151je: A Magyar<br \/>\nTudom\u00e1nyos M\u0171vek T\u00e1ra. (Az adatb\u00e1zis ismertet\u00e9se, c\u00e9lja. Tervek<br \/>\na j\u00f6v\u0151re.)<br \/>\n2. Alm\u00e1sy \u00c9va: A \u00a0Magyar Tudom\u00e1nyos M\u0171vek T\u00e1ra. (Az OORI mint int\u00e9zm\u00e9ny kapcsol\u00f3d\u00e1sa az MTMT-hez, a kivitelez\u00e9s folyamata.)<\/p>\n<p>3.M\u00e9sz\u00e1ros Gabriella, Papi R\u00e9ka: \u201eA miutc\u00e1nk, a mik\u00f3rh\u00e1zunk\u201d<\/p>\n<p>4. Dr. Koll\u00e1r J\u00e1nos PhD.(SE Magatart\u00e1studom\u00e1nyi Int\u00e9zet Orvosi Kommunik\u00e1ci\u00f3 r\u00e9szleg): Gy\u00f3gy\u00edt\u00f3 kommunik\u00e1ci\u00f3<\/p>\n<p>&nbsp;<\/p>\n<p><strong>Okt\u00f3ber 20. T\u00fcnd\u00e9rhegy <\/strong><\/p>\n<p><strong>\u00dcl\u00e9seln\u00f6k: Dr. Harmatta J\u00e1nos<\/strong><\/p>\n<p>R\u00e9szletes programot k\u00e9s\u0151bbiekben adunk\u00a0.<\/p>\n<p>&nbsp;<\/p>\n<p><strong>Okt\u00f3ber 27. Audit nap <\/strong><\/p>\n<p><strong>\u00dcl\u00e9seln\u00f6k: Dr. Boros Erzs\u00e9bet<\/strong><\/p>\n<p>R\u00e9szletes programot k\u00e9s\u0151bbiekben adunk.<\/p>\n","protected":false},"excerpt":{"rendered":"<p>Okt\u00f3ber \u00a06. Kommunik\u00e1ci\u00f3 gyakorlata az OORI-ban \u00dcl\u00e9seln\u00f6k Dr. Cserh\u00e1ti P\u00e9ter &nbsp; 1.Wolf Gy\u00f6rgy \u00a0MTA MTMT Oktat\u00e1si Csoport vezet\u0151je: A Magyar Tudom\u00e1nyos M\u0171vek T\u00e1ra. (Az adatb\u00e1zis ismertet\u00e9se, c\u00e9lja. Tervek a j\u00f6v\u0151re.) 2. Alm\u00e1sy \u00c9va: A \u00a0Magyar Tudom\u00e1nyos M\u0171vek T\u00e1ra. (Az OORI mint int\u00e9zm\u00e9ny kapcsol\u00f3d\u00e1sa az MTMT-hez, a kivitelez\u00e9s folyamata.) 3.M\u00e9sz\u00e1ros Gabriella, Papi R\u00e9ka: \u201eA miutc\u00e1nk, a &hellip;<\/p>\n","protected":false},"author":299,"featured_media":0,"comment_status":"closed","ping_status":"closed","sticky":false,"template":"","format":"standard","meta":{"_acf_changed":false,"footnotes":""},"categories":[5],"tags":[],"class_list":["post-320","post","type-post","status-publish","format-standard","hentry","category-referalo-ulesek"],"acf":[],"_links":{"self":[{"href":"https:\/\/semmelweis.hu\/rehab\/wp-json\/wp\/v2\/posts\/320","targetHints":{"allow":["GET"]}}],"collection":[{"href":"https:\/\/semmelweis.hu\/rehab\/wp-json\/wp\/v2\/posts"}],"about":[{"href":"https:\/\/semmelweis.hu\/rehab\/wp-json\/wp\/v2\/types\/post"}],"author":[{"embeddable":true,"href":"https:\/\/semmelweis.hu\/rehab\/wp-json\/wp\/v2\/users\/299"}],"replies":[{"embeddable":true,"href":"https:\/\/semmelweis.hu\/rehab\/wp-json\/wp\/v2\/comments?post=320"}],"version-history":[{"count":3,"href":"https:\/\/semmelweis.hu\/rehab\/wp-json\/wp\/v2\/posts\/320\/revisions"}],"predecessor-version":[{"id":323,"href":"https:\/\/semmelweis.hu\/rehab\/wp-json\/wp\/v2\/posts\/320\/revisions\/323"}],"wp:attachment":[{"href":"https:\/\/semmelweis.hu\/rehab\/wp-json\/wp\/v2\/media?parent=320"}],"wp:term":[{"taxonomy":"category","embeddable":true,"href":"https:\/\/semmelweis.hu\/rehab\/wp-json\/wp\/v2\/categories?post=320"},{"taxonomy":"post_tag","embeddable":true,"href":"https:\/\/semmelweis.hu\/rehab\/wp-json\/wp\/v2\/tags?post=320"}],"curies":[{"name":"wp","href":"https:\/\/api.w.org\/{rel}","templated":true}]}}