{"id":299,"date":"2015-09-15T09:07:53","date_gmt":"2015-09-15T07:07:53","guid":{"rendered":"http:\/\/semmelweis.hu\/rehab\/?page_id=299"},"modified":"2019-09-03T15:16:09","modified_gmt":"2019-09-03T13:16:09","slug":"2015-szeptemberi-program","status":"publish","type":"post","link":"https:\/\/semmelweis.hu\/rehab\/2015\/09\/15\/2015-szeptemberi-program\/","title":{"rendered":"2015. szeptemberi program"},"content":{"rendered":"<p><strong>2015. szeptember 22.<\/strong><\/p>\n<p>\u00dcl\u00e9seln\u00f6k: Dr. Cserh\u00e1ti P\u00e9ter<\/p>\n<p>Ki seg\u00edt a seg\u00edt\u0151knek?!<\/p>\n<ol>\n<li>Dr. Jo\u00f3b M\u00e1t\u00e9: A szuperv\u00edzi\u00f3 lehet\u0151s\u00e9gei az eg\u00e9szs\u00e9g\u00fcgyben dolgoz\u00f3k szakmai munk\u00e1j\u00e1nak t\u00e1mogat\u00e1s\u00e1ban &#8211; besz\u00e1mol\u00f3 egy csoportos szuperv\u00edzi\u00f3s folyamatr\u00f3l.<\/li>\n<li>Dr. Harrach Andor: N\u00e9metorsz\u00e1gi tapasztalatok a rehabilit\u00e1ci\u00f3s medicina pszichoszoci\u00e1lis vonatkoz\u00e1sair\u00f3l. A B\u00e1lint-csoport munka m\u00f3dszertani spektruma.<\/li>\n<li>Dr. Feh\u00e9r P\u00e1lma Vir\u00e1g:\u00a0B\u00e1lint-munka, mint hat\u00e9kony burnout profilaxis. B\u00e1lint-csoport tapasztalatok az egy\u00fcttm\u0171k\u00f6d\u00e9s jegy\u00e9ben.<\/li>\n<\/ol>\n","protected":false},"excerpt":{"rendered":"<p>2015. szeptember 22. \u00dcl\u00e9seln\u00f6k: Dr. Cserh\u00e1ti P\u00e9ter Ki seg\u00edt a seg\u00edt\u0151knek?! Dr. Jo\u00f3b M\u00e1t\u00e9: A szuperv\u00edzi\u00f3 lehet\u0151s\u00e9gei az eg\u00e9szs\u00e9g\u00fcgyben dolgoz\u00f3k szakmai munk\u00e1j\u00e1nak t\u00e1mogat\u00e1s\u00e1ban &#8211; besz\u00e1mol\u00f3 egy csoportos szuperv\u00edzi\u00f3s folyamatr\u00f3l. Dr. Harrach Andor: N\u00e9metorsz\u00e1gi tapasztalatok a rehabilit\u00e1ci\u00f3s medicina pszichoszoci\u00e1lis vonatkoz\u00e1sair\u00f3l. A B\u00e1lint-csoport munka m\u00f3dszertani spektruma. Dr. Feh\u00e9r P\u00e1lma Vir\u00e1g:\u00a0B\u00e1lint-munka, mint hat\u00e9kony burnout profilaxis. B\u00e1lint-csoport tapasztalatok az &hellip;<\/p>\n","protected":false},"author":299,"featured_media":0,"comment_status":"closed","ping_status":"closed","sticky":false,"template":"","format":"standard","meta":{"_acf_changed":false,"footnotes":""},"categories":[5],"tags":[],"class_list":["post-299","post","type-post","status-publish","format-standard","hentry","category-referalo-ulesek"],"acf":[],"_links":{"self":[{"href":"https:\/\/semmelweis.hu\/rehab\/wp-json\/wp\/v2\/posts\/299","targetHints":{"allow":["GET"]}}],"collection":[{"href":"https:\/\/semmelweis.hu\/rehab\/wp-json\/wp\/v2\/posts"}],"about":[{"href":"https:\/\/semmelweis.hu\/rehab\/wp-json\/wp\/v2\/types\/post"}],"author":[{"embeddable":true,"href":"https:\/\/semmelweis.hu\/rehab\/wp-json\/wp\/v2\/users\/299"}],"replies":[{"embeddable":true,"href":"https:\/\/semmelweis.hu\/rehab\/wp-json\/wp\/v2\/comments?post=299"}],"version-history":[{"count":1,"href":"https:\/\/semmelweis.hu\/rehab\/wp-json\/wp\/v2\/posts\/299\/revisions"}],"predecessor-version":[{"id":300,"href":"https:\/\/semmelweis.hu\/rehab\/wp-json\/wp\/v2\/posts\/299\/revisions\/300"}],"wp:attachment":[{"href":"https:\/\/semmelweis.hu\/rehab\/wp-json\/wp\/v2\/media?parent=299"}],"wp:term":[{"taxonomy":"category","embeddable":true,"href":"https:\/\/semmelweis.hu\/rehab\/wp-json\/wp\/v2\/categories?post=299"},{"taxonomy":"post_tag","embeddable":true,"href":"https:\/\/semmelweis.hu\/rehab\/wp-json\/wp\/v2\/tags?post=299"}],"curies":[{"name":"wp","href":"https:\/\/api.w.org\/{rel}","templated":true}]}}