{"id":295,"date":"2015-05-18T14:03:46","date_gmt":"2015-05-18T12:03:46","guid":{"rendered":"http:\/\/semmelweis.hu\/rehab\/?page_id=295"},"modified":"2019-09-03T15:16:09","modified_gmt":"2019-09-03T13:16:09","slug":"2015-juniusi-program","status":"publish","type":"post","link":"https:\/\/semmelweis.hu\/rehab\/2015\/05\/18\/2015-juniusi-program\/","title":{"rendered":"2015. j\u00faniusi program"},"content":{"rendered":"<p><strong>2015. j\u00fanius 2.<\/strong><\/p>\n<p><strong>Kutat\u00e1si nap <\/strong><\/p>\n<p>\u00dcl\u00e9seln\u00f6k: Dr. D\u00e9nes Zolt\u00e1n f\u0151orvos<\/p>\n<ol>\n<li>Dr. Zsiga Katalin: Id\u0151seket t\u00e1mogat\u00f3 szervizrobot terepvizsg\u00e1lata.<\/li>\n<li>Dr. P\u00e9ter Orsolya: A REHAROB gy\u00f3gytorn\u00e1ztat\u00f3 rendszer klinikai vizsg\u00e1lata.<\/li>\n<li>\u0150rley Zita: Ki mit tud az af\u00e1zi\u00e1r\u00f3l? Az inform\u00e1ci\u00f3\u00e1tad\u00e1s jelent\u0151s\u00e9ge \u00e9s lehet\u0151s\u00e9gei a kutat\u00e1sok t\u00fckr\u00e9ben<\/li>\n<li>Sz\u00f6ll\u0151si Izabella: A v\u00e9grehajt\u00f3 funkci\u00f3k m\u0171k\u00f6d\u00e9se af\u00e1zi\u00e1ban.<\/li>\n<li>Dr. Mas\u00e1t Orsolya: Ritmus- \u00e9s t\u00e1ncter\u00e1pia az OORI-ban<\/li>\n<\/ol>\n","protected":false},"excerpt":{"rendered":"<p>2015. j\u00fanius 2. Kutat\u00e1si nap \u00dcl\u00e9seln\u00f6k: Dr. D\u00e9nes Zolt\u00e1n f\u0151orvos Dr. Zsiga Katalin: Id\u0151seket t\u00e1mogat\u00f3 szervizrobot terepvizsg\u00e1lata. Dr. P\u00e9ter Orsolya: A REHAROB gy\u00f3gytorn\u00e1ztat\u00f3 rendszer klinikai vizsg\u00e1lata. \u0150rley Zita: Ki mit tud az af\u00e1zi\u00e1r\u00f3l? Az inform\u00e1ci\u00f3\u00e1tad\u00e1s jelent\u0151s\u00e9ge \u00e9s lehet\u0151s\u00e9gei a kutat\u00e1sok t\u00fckr\u00e9ben Sz\u00f6ll\u0151si Izabella: A v\u00e9grehajt\u00f3 funkci\u00f3k m\u0171k\u00f6d\u00e9se af\u00e1zi\u00e1ban. Dr. Mas\u00e1t Orsolya: Ritmus- \u00e9s t\u00e1ncter\u00e1pia az &hellip;<\/p>\n","protected":false},"author":299,"featured_media":0,"comment_status":"closed","ping_status":"closed","sticky":false,"template":"","format":"standard","meta":{"_acf_changed":false,"footnotes":""},"categories":[5],"tags":[],"class_list":["post-295","post","type-post","status-publish","format-standard","hentry","category-referalo-ulesek"],"acf":[],"_links":{"self":[{"href":"https:\/\/semmelweis.hu\/rehab\/wp-json\/wp\/v2\/posts\/295","targetHints":{"allow":["GET"]}}],"collection":[{"href":"https:\/\/semmelweis.hu\/rehab\/wp-json\/wp\/v2\/posts"}],"about":[{"href":"https:\/\/semmelweis.hu\/rehab\/wp-json\/wp\/v2\/types\/post"}],"author":[{"embeddable":true,"href":"https:\/\/semmelweis.hu\/rehab\/wp-json\/wp\/v2\/users\/299"}],"replies":[{"embeddable":true,"href":"https:\/\/semmelweis.hu\/rehab\/wp-json\/wp\/v2\/comments?post=295"}],"version-history":[{"count":1,"href":"https:\/\/semmelweis.hu\/rehab\/wp-json\/wp\/v2\/posts\/295\/revisions"}],"predecessor-version":[{"id":296,"href":"https:\/\/semmelweis.hu\/rehab\/wp-json\/wp\/v2\/posts\/295\/revisions\/296"}],"wp:attachment":[{"href":"https:\/\/semmelweis.hu\/rehab\/wp-json\/wp\/v2\/media?parent=295"}],"wp:term":[{"taxonomy":"category","embeddable":true,"href":"https:\/\/semmelweis.hu\/rehab\/wp-json\/wp\/v2\/categories?post=295"},{"taxonomy":"post_tag","embeddable":true,"href":"https:\/\/semmelweis.hu\/rehab\/wp-json\/wp\/v2\/tags?post=295"}],"curies":[{"name":"wp","href":"https:\/\/api.w.org\/{rel}","templated":true}]}}