{"id":292,"date":"2015-05-15T11:10:06","date_gmt":"2015-05-15T09:10:06","guid":{"rendered":"http:\/\/semmelweis.hu\/rehab\/?page_id=292"},"modified":"2019-09-03T15:16:09","modified_gmt":"2019-09-03T13:16:09","slug":"2015-majusi-program","status":"publish","type":"post","link":"https:\/\/semmelweis.hu\/rehab\/2015\/05\/15\/2015-majusi-program\/","title":{"rendered":"2015. m\u00e1jusi program"},"content":{"rendered":"<p><strong>M\u00e1jus 5. \u00dcl\u00e9seln\u00f6k : dr Kov\u00e1cs Magdolna f\u0151orvos<\/strong><\/p>\n<ol>\n<li>R\u00f3zsa K\u00e1roly MTA doktora KFKI, R\u00f3zsa Tam\u00e1s Safe Laser ,Dr. B\u00e1lint Andr\u00e1s: Safe Laser: A gy\u00f3gy\u00edt\u00e1s \u00faj dimenzi\u00f3ja, a biztons\u00e1gos laser, mint egyed\u00fcl\u00e1ll\u00f3 magyar fejleszt\u00e9s\u0171 orvostechnikai<\/li>\n<li>Dr. Szlov\u00e1k S\u00e1ndor: K\u00e9zseb\u00e9szet az OORI-ban<\/li>\n<\/ol>\n<p>&nbsp;<\/p>\n<p><strong>M\u00e1jus 19. \u00dcl\u00e9seln\u00f6k: Dr V\u00e9n Ildik\u00f3 f\u0151orvos<\/strong><\/p>\n<p>Tanuls\u00e1gok \u201eminden alkalomra\u201d-3 eset kapcs\u00e1n<\/p>\n<ol>\n<li>Dr. Vass Ildik\u00f3, Dr. V\u00e9n Ildik\u00f3, Nemes L\u00e1szl\u00f3, B\u00fajdos\u00f3 R\u00f3bert<\/li>\n<li>Dr. V\u00e9n Ildik\u00f3, Nemes L\u00e1szl\u00f3, Bujdos\u00f3 R\u00f3bert<\/li>\n<li>Dr. \u00a0Szab\u00f3 D\u00e1vid<\/li>\n<\/ol>\n<p>FIFO el\u0151ad\u00e1sok bemutat\u00e1sa<\/p>\n<p>&nbsp;<\/p>\n","protected":false},"excerpt":{"rendered":"<p>M\u00e1jus 5. \u00dcl\u00e9seln\u00f6k : dr Kov\u00e1cs Magdolna f\u0151orvos R\u00f3zsa K\u00e1roly MTA doktora KFKI, R\u00f3zsa Tam\u00e1s Safe Laser ,Dr. B\u00e1lint Andr\u00e1s: Safe Laser: A gy\u00f3gy\u00edt\u00e1s \u00faj dimenzi\u00f3ja, a biztons\u00e1gos laser, mint egyed\u00fcl\u00e1ll\u00f3 magyar fejleszt\u00e9s\u0171 orvostechnikai Dr. Szlov\u00e1k S\u00e1ndor: K\u00e9zseb\u00e9szet az OORI-ban &nbsp; M\u00e1jus 19. \u00dcl\u00e9seln\u00f6k: Dr V\u00e9n Ildik\u00f3 f\u0151orvos Tanuls\u00e1gok \u201eminden alkalomra\u201d-3 eset kapcs\u00e1n Dr. Vass &hellip;<\/p>\n","protected":false},"author":299,"featured_media":0,"comment_status":"closed","ping_status":"closed","sticky":false,"template":"","format":"standard","meta":{"_acf_changed":false,"footnotes":""},"categories":[5],"tags":[],"class_list":["post-292","post","type-post","status-publish","format-standard","hentry","category-referalo-ulesek"],"acf":[],"_links":{"self":[{"href":"https:\/\/semmelweis.hu\/rehab\/wp-json\/wp\/v2\/posts\/292","targetHints":{"allow":["GET"]}}],"collection":[{"href":"https:\/\/semmelweis.hu\/rehab\/wp-json\/wp\/v2\/posts"}],"about":[{"href":"https:\/\/semmelweis.hu\/rehab\/wp-json\/wp\/v2\/types\/post"}],"author":[{"embeddable":true,"href":"https:\/\/semmelweis.hu\/rehab\/wp-json\/wp\/v2\/users\/299"}],"replies":[{"embeddable":true,"href":"https:\/\/semmelweis.hu\/rehab\/wp-json\/wp\/v2\/comments?post=292"}],"version-history":[{"count":1,"href":"https:\/\/semmelweis.hu\/rehab\/wp-json\/wp\/v2\/posts\/292\/revisions"}],"predecessor-version":[{"id":293,"href":"https:\/\/semmelweis.hu\/rehab\/wp-json\/wp\/v2\/posts\/292\/revisions\/293"}],"wp:attachment":[{"href":"https:\/\/semmelweis.hu\/rehab\/wp-json\/wp\/v2\/media?parent=292"}],"wp:term":[{"taxonomy":"category","embeddable":true,"href":"https:\/\/semmelweis.hu\/rehab\/wp-json\/wp\/v2\/categories?post=292"},{"taxonomy":"post_tag","embeddable":true,"href":"https:\/\/semmelweis.hu\/rehab\/wp-json\/wp\/v2\/tags?post=292"}],"curies":[{"name":"wp","href":"https:\/\/api.w.org\/{rel}","templated":true}]}}