{"id":287,"date":"2015-04-28T10:39:39","date_gmt":"2015-04-28T08:39:39","guid":{"rendered":"http:\/\/semmelweis.hu\/rehab\/?page_id=287"},"modified":"2019-09-03T15:16:09","modified_gmt":"2019-09-03T13:16:09","slug":"2015-aprilisi-program","status":"publish","type":"post","link":"https:\/\/semmelweis.hu\/rehab\/2015\/04\/28\/2015-aprilisi-program\/","title":{"rendered":"2015. \u00e1prilisi program"},"content":{"rendered":"<p><strong>2015. \u00e1prilis 21.<\/strong><\/p>\n<p><strong>\u00dcl\u00e9seln\u00f6k: Dr. Boros Erzs\u00e9bet<\/strong><\/p>\n<p><strong>AUDIT NAP<\/strong><\/p>\n<ol>\n<li>Tak\u00e1cs Erika: &#8216;Dolgoz\u00f3i el\u00e9gedetts\u00e9g &#8211; 2014 tavasza&#8217;<\/li>\n<li>Ger\u0151cs Katalin: Betegjogi vonatkoz\u00e1s\u00fa esetek az OORI-ban<\/li>\n<li>Dr. Boros Erzs\u00e9bet: T\u00c1MOP 6.2.5. A. K\u00f3rh\u00e1z-akkredit\u00e1ci\u00f3 \u2013 A pilot -program tapasztalatai. A k\u00f6zelj\u00f6v\u0151 feladatai.<\/li>\n<li>Cs\u00e9ple\u0151 Vikt\u00f3ria: \u00c1pol\u00e1si dokument\u00e1ci\u00f3 auditja<\/li>\n<li>Dr Sz\u00e9l Istv\u00e1n: Nem tervezett \u00e1thelyez\u00e9sek auditja<\/li>\n<li>Hal\u00e1loz\u00e1si audit<\/li>\n<\/ol>\n<p>&nbsp;<\/p>\n","protected":false},"excerpt":{"rendered":"<p>2015. \u00e1prilis 21.<br \/>\n\u00dcl\u00e9seln\u00f6k: Dr. Boros Erzs\u00e9bet<br \/>\nAUDIT NAP<\/p>\n<p>Tak\u00e1cs Erika: &#8216;Dolgoz\u00f3i el\u00e9gedetts\u00e9g &#8211; 2014 tavasza&#8217;<br \/>\nGer\u0151cs Katalin: Betegjogi vonatkoz\u00e1s\u00fa esetek az OORI-ban<br \/>\nDr. Boros Erzs\u00e9bet: T\u00c1MOP 6.2.5. A. K\u00f3rh\u00e1z-akkredit\u00e1ci\u00f3 \u2013 A pilot -program tapasztalatai. A k\u00f6zelj\u00f6v\u0151 feladatai.<br \/>\nCs\u00e9ple\u0151 Vikt\u00f3ria: \u00c1pol\u00e1si dokument\u00e1ci\u00f3 auditja<br \/>\nDr Sz\u00e9l Istv\u00e1n: Nem tervezett \u00e1thelyez\u00e9sek auditja<br \/>\nHal\u00e1loz\u00e1si audit<\/p>\n<p>&nbsp;<\/p>\n","protected":false},"author":299,"featured_media":0,"comment_status":"closed","ping_status":"closed","sticky":false,"template":"","format":"standard","meta":{"_acf_changed":false,"footnotes":""},"categories":[5],"tags":[],"class_list":["post-287","post","type-post","status-publish","format-standard","hentry","category-referalo-ulesek"],"acf":[],"_links":{"self":[{"href":"https:\/\/semmelweis.hu\/rehab\/wp-json\/wp\/v2\/posts\/287","targetHints":{"allow":["GET"]}}],"collection":[{"href":"https:\/\/semmelweis.hu\/rehab\/wp-json\/wp\/v2\/posts"}],"about":[{"href":"https:\/\/semmelweis.hu\/rehab\/wp-json\/wp\/v2\/types\/post"}],"author":[{"embeddable":true,"href":"https:\/\/semmelweis.hu\/rehab\/wp-json\/wp\/v2\/users\/299"}],"replies":[{"embeddable":true,"href":"https:\/\/semmelweis.hu\/rehab\/wp-json\/wp\/v2\/comments?post=287"}],"version-history":[{"count":2,"href":"https:\/\/semmelweis.hu\/rehab\/wp-json\/wp\/v2\/posts\/287\/revisions"}],"predecessor-version":[{"id":289,"href":"https:\/\/semmelweis.hu\/rehab\/wp-json\/wp\/v2\/posts\/287\/revisions\/289"}],"wp:attachment":[{"href":"https:\/\/semmelweis.hu\/rehab\/wp-json\/wp\/v2\/media?parent=287"}],"wp:term":[{"taxonomy":"category","embeddable":true,"href":"https:\/\/semmelweis.hu\/rehab\/wp-json\/wp\/v2\/categories?post=287"},{"taxonomy":"post_tag","embeddable":true,"href":"https:\/\/semmelweis.hu\/rehab\/wp-json\/wp\/v2\/tags?post=287"}],"curies":[{"name":"wp","href":"https:\/\/api.w.org\/{rel}","templated":true}]}}