{"id":278,"date":"2015-02-11T14:01:39","date_gmt":"2015-02-11T13:01:39","guid":{"rendered":"http:\/\/semmelweis.hu\/rehab\/?page_id=278"},"modified":"2019-09-03T15:16:09","modified_gmt":"2019-09-03T13:16:09","slug":"2015-februar-17-i-program","status":"publish","type":"post","link":"https:\/\/semmelweis.hu\/rehab\/2015\/02\/11\/2015-februar-17-i-program\/","title":{"rendered":"2015. febru\u00e1r 17-i program"},"content":{"rendered":"<p><strong>2015. febru\u00e1r 17. kedd 14 \u00f3ra <\/strong><\/p>\n<p><strong>\u00dcl\u00e9seln\u00f6k: Dr. \u00a0D\u00e9nes Zolt\u00e1n f\u0151orvos<\/strong><\/p>\n<p><strong>\u00a0<\/strong><\/p>\n<p><strong>Int\u00e9zeti tudom\u00e1nyos &#8211; oktat\u00f3i tev\u00e9kenys\u00e9g \u00e9ves besz\u00e1mol\u00f3ja<\/strong><\/p>\n<p>&nbsp;<\/p>\n<ol>\n<li>Dr. D\u00e9nes Zolt\u00e1n, T\u00e1pay Gabriella, Grimmn\u00e9 \u00c1cs Ildik\u00f3: OORI tudom\u00e1nyos \u00e9let, oktat\u00e1s 2014.<\/li>\n<li>\u0150ry Csilla: A szakdolgoz\u00f3i oktat\u00e1si \u00e9s tudom\u00e1nyos tev\u00e9kenys\u00e9g 2014. \u00e9vben<\/li>\n<li>Dr. Cserh\u00e1ti P\u00e9ter: az OORI szakmai, tudom\u00e1nyos, oktat\u00e1si perspekt\u00edv\u00e1i 2015-t\u0151l<\/li>\n<li>Hal\u00e1loz\u00e1si audit<\/li>\n<\/ol>\n<p>&nbsp;<\/p>\n","protected":false},"excerpt":{"rendered":"<p>2015. febru\u00e1r 17. kedd 14 \u00f3ra \u00dcl\u00e9seln\u00f6k: Dr. \u00a0D\u00e9nes Zolt\u00e1n f\u0151orvos \u00a0 Int\u00e9zeti tudom\u00e1nyos &#8211; oktat\u00f3i tev\u00e9kenys\u00e9g \u00e9ves besz\u00e1mol\u00f3ja &nbsp; Dr. D\u00e9nes Zolt\u00e1n, T\u00e1pay Gabriella, Grimmn\u00e9 \u00c1cs Ildik\u00f3: OORI tudom\u00e1nyos \u00e9let, oktat\u00e1s 2014. \u0150ry Csilla: A szakdolgoz\u00f3i oktat\u00e1si \u00e9s tudom\u00e1nyos tev\u00e9kenys\u00e9g 2014. \u00e9vben Dr. Cserh\u00e1ti P\u00e9ter: az OORI szakmai, tudom\u00e1nyos, oktat\u00e1si perspekt\u00edv\u00e1i 2015-t\u0151l Hal\u00e1loz\u00e1si audit &hellip;<\/p>\n","protected":false},"author":299,"featured_media":0,"comment_status":"closed","ping_status":"closed","sticky":false,"template":"","format":"standard","meta":{"_acf_changed":false,"footnotes":""},"categories":[5],"tags":[],"class_list":["post-278","post","type-post","status-publish","format-standard","hentry","category-referalo-ulesek"],"acf":[],"_links":{"self":[{"href":"https:\/\/semmelweis.hu\/rehab\/wp-json\/wp\/v2\/posts\/278","targetHints":{"allow":["GET"]}}],"collection":[{"href":"https:\/\/semmelweis.hu\/rehab\/wp-json\/wp\/v2\/posts"}],"about":[{"href":"https:\/\/semmelweis.hu\/rehab\/wp-json\/wp\/v2\/types\/post"}],"author":[{"embeddable":true,"href":"https:\/\/semmelweis.hu\/rehab\/wp-json\/wp\/v2\/users\/299"}],"replies":[{"embeddable":true,"href":"https:\/\/semmelweis.hu\/rehab\/wp-json\/wp\/v2\/comments?post=278"}],"version-history":[{"count":1,"href":"https:\/\/semmelweis.hu\/rehab\/wp-json\/wp\/v2\/posts\/278\/revisions"}],"predecessor-version":[{"id":279,"href":"https:\/\/semmelweis.hu\/rehab\/wp-json\/wp\/v2\/posts\/278\/revisions\/279"}],"wp:attachment":[{"href":"https:\/\/semmelweis.hu\/rehab\/wp-json\/wp\/v2\/media?parent=278"}],"wp:term":[{"taxonomy":"category","embeddable":true,"href":"https:\/\/semmelweis.hu\/rehab\/wp-json\/wp\/v2\/categories?post=278"},{"taxonomy":"post_tag","embeddable":true,"href":"https:\/\/semmelweis.hu\/rehab\/wp-json\/wp\/v2\/tags?post=278"}],"curies":[{"name":"wp","href":"https:\/\/api.w.org\/{rel}","templated":true}]}}