{"id":269,"date":"2015-01-15T14:07:48","date_gmt":"2015-01-15T13:07:48","guid":{"rendered":"http:\/\/semmelweis.hu\/rehab\/?page_id=269"},"modified":"2019-09-03T15:16:09","modified_gmt":"2019-09-03T13:16:09","slug":"2015-januari-program","status":"publish","type":"post","link":"https:\/\/semmelweis.hu\/rehab\/2015\/01\/15\/2015-januari-program\/","title":{"rendered":"2015. janu\u00e1ri program"},"content":{"rendered":"<p><strong>\u00a0\u00a0\u00a0\u00a0\u00a0\u00a0\u00a0\u00a0\u00a0\u00a0\u00a0\u00a0\u00a0\u00a0\u00a0\u00a0\u00a0\u00a0\u00a0\u00a0\u00a0\u00a0\u00a0\u00a0\u00a0\u00a0\u00a0\u00a0\u00a0\u00a0\u00a0\u00a0\u00a0\u00a0\u00a0\u00a0\u00a0\u00a0\u00a0\u00a0\u00a0\u00a0\u00a0\u00a0\u00a0\u00a0\u00a0\u00a0\u00a0\u00a0\u00a0\u00a0\u00a0\u00a0\u00a0\u00a0\u00a0\u00a0\u00a0\u00a0\u00a0 2015. janu\u00e1r 20<\/strong>.<\/p>\n<p><strong>Infekci\u00f3kontroll<\/strong><\/p>\n<p>\u00dcl\u00e9seln\u00f6k: Dr Farkas P\u00e9ter<\/p>\n<ol>\n<li>Kizlinger T\u00fcnde, Sanofi Aventis Zrt: Thrombozis kock\u00e1zat \u00e9rt\u00e9kel\u00e9s int\u00e9zeti kezel\u00e9st ig\u00e9nyl\u0151 betegek eset\u00e9ben<\/li>\n<li>Bokor L\u00edvia: Az infektol\u00f3gus szerepe a rehabilit\u00e1ci\u00f3 sor\u00e1n jelentkez\u0151 fert\u0151z\u00e9sek kezel\u00e9s\u00e9ben<\/li>\n<li>Nagy B\u00e9la, Szab\u00f3 Rita, P\u00e9ter L\u00edvia: Az infekci\u00f3kontroll tev\u00e9kenys\u00e9g 2014. \u00e9vi eredm\u00e9nyei<\/li>\n<\/ol>\n<p>&nbsp;<\/p>\n<p>&nbsp;<\/p>\n","protected":false},"excerpt":{"rendered":"<p>\u00a0\u00a0\u00a0\u00a0\u00a0\u00a0\u00a0\u00a0\u00a0\u00a0\u00a0\u00a0\u00a0\u00a0\u00a0\u00a0\u00a0\u00a0\u00a0\u00a0\u00a0\u00a0\u00a0\u00a0\u00a0\u00a0\u00a0\u00a0\u00a0\u00a0\u00a0\u00a0\u00a0\u00a0\u00a0\u00a0\u00a0\u00a0\u00a0\u00a0\u00a0\u00a0\u00a0\u00a0\u00a0\u00a0\u00a0\u00a0\u00a0\u00a0\u00a0\u00a0\u00a0\u00a0\u00a0\u00a0\u00a0\u00a0\u00a0\u00a0\u00a0 2015. janu\u00e1r 20.<br \/>\nInfekci\u00f3kontroll<br \/>\n\u00dcl\u00e9seln\u00f6k: Dr Farkas P\u00e9ter<\/p>\n<p>Kizlinger T\u00fcnde, Sanofi Aventis Zrt: Thrombozis kock\u00e1zat \u00e9rt\u00e9kel\u00e9s int\u00e9zeti kezel\u00e9st ig\u00e9nyl\u0151 betegek eset\u00e9ben<br \/>\nBokor L\u00edvia: Az infektol\u00f3gus szerepe a rehabilit\u00e1ci\u00f3 sor\u00e1n jelentkez\u0151 fert\u0151z\u00e9sek kezel\u00e9s\u00e9ben<br \/>\nNagy B\u00e9la, Szab\u00f3 Rita, P\u00e9ter L\u00edvia: Az infekci\u00f3kontroll tev\u00e9kenys\u00e9g 2014. \u00e9vi eredm\u00e9nyei<\/p>\n<p>&nbsp;<br \/>\n&nbsp;<\/p>\n","protected":false},"author":299,"featured_media":0,"comment_status":"closed","ping_status":"closed","sticky":false,"template":"","format":"standard","meta":{"_acf_changed":false,"footnotes":""},"categories":[5],"tags":[],"class_list":["post-269","post","type-post","status-publish","format-standard","hentry","category-referalo-ulesek"],"acf":[],"_links":{"self":[{"href":"https:\/\/semmelweis.hu\/rehab\/wp-json\/wp\/v2\/posts\/269","targetHints":{"allow":["GET"]}}],"collection":[{"href":"https:\/\/semmelweis.hu\/rehab\/wp-json\/wp\/v2\/posts"}],"about":[{"href":"https:\/\/semmelweis.hu\/rehab\/wp-json\/wp\/v2\/types\/post"}],"author":[{"embeddable":true,"href":"https:\/\/semmelweis.hu\/rehab\/wp-json\/wp\/v2\/users\/299"}],"replies":[{"embeddable":true,"href":"https:\/\/semmelweis.hu\/rehab\/wp-json\/wp\/v2\/comments?post=269"}],"version-history":[{"count":1,"href":"https:\/\/semmelweis.hu\/rehab\/wp-json\/wp\/v2\/posts\/269\/revisions"}],"predecessor-version":[{"id":270,"href":"https:\/\/semmelweis.hu\/rehab\/wp-json\/wp\/v2\/posts\/269\/revisions\/270"}],"wp:attachment":[{"href":"https:\/\/semmelweis.hu\/rehab\/wp-json\/wp\/v2\/media?parent=269"}],"wp:term":[{"taxonomy":"category","embeddable":true,"href":"https:\/\/semmelweis.hu\/rehab\/wp-json\/wp\/v2\/categories?post=269"},{"taxonomy":"post_tag","embeddable":true,"href":"https:\/\/semmelweis.hu\/rehab\/wp-json\/wp\/v2\/tags?post=269"}],"curies":[{"name":"wp","href":"https:\/\/api.w.org\/{rel}","templated":true}]}}