{"id":254,"date":"2014-10-22T10:46:24","date_gmt":"2014-10-22T08:46:24","guid":{"rendered":"http:\/\/semmelweis.hu\/rehab\/?page_id=254"},"modified":"2019-09-03T15:16:09","modified_gmt":"2019-09-03T13:16:09","slug":"2014-novemberi-program","status":"publish","type":"post","link":"https:\/\/semmelweis.hu\/rehab\/2014\/10\/22\/2014-novemberi-program\/","title":{"rendered":"2014. novemberi program"},"content":{"rendered":"<p><strong>2014. november 18.<\/strong><\/p>\n<p><strong>\u00dcl\u00e9seln\u00f6k: dr Verseghi Anna<\/strong><\/p>\n<p>&nbsp;<\/p>\n<ol>\n<li>A vesztes\u00e9g feldolgoz\u00e1s\u00e1t k\u00eds\u00e9r\u0151 \u00e9rzelmi folyamatok hat\u00e1sa a rehabilit\u00e1ci\u00f3ra<\/li>\n<\/ol>\n<p>El\u0151adja: S Nagy Zita, W\u00e1gner Anna\u00e9s Kecsk\u00e9s Be\u00e1ta<\/p>\n<ol start=\"2\">\n<li>Megragadni \u2013 kapaszkodni \u2013 majd elengedni (Esetismertet\u00e9s)<\/li>\n<\/ol>\n<p>El\u0151adja: Szab\u00f3 G\u00e1bor \u00e9s Papi R\u00e9ka<\/p>\n<ol start=\"3\">\n<li>Szertefoszl\u00f3 \u00e1lmok. &#8222;Bez\u00e1rtam ajt\u00f3t,ablakot&#8230;l\u00e9tezem csak,mint a k\u00f6vek.&#8221;<\/li>\n<\/ol>\n<p>El\u0151adja: Frey Erika \u00e9s B\u00e1lint Brigitta<\/p>\n<ol start=\"4\">\n<li>Ki\u00e9 a trauma?<\/li>\n<\/ol>\n<p>El\u0151adja: St\u00e1geln\u00e9 Mata Kl\u00e1ra \u00e9s Jakabos Hadassa<\/p>\n<ol start=\"5\">\n<li>Ergotherapia Corporis<\/li>\n<\/ol>\n<p>El\u0151adja: V\u00e1mos Tibor<\/p>\n<ol start=\"6\">\n<li>Ki\u00fat a vesztes\u00e9gek labirintus\u00e1b\u00f3l<\/li>\n<\/ol>\n<p>El\u0151adja: \u0150rley Zita \u00e9s Verseghi Anna<\/p>\n<ol start=\"7\">\n<li>Jorge Bucay: Gondolat\u00e9breszt\u0151 t\u00f6rt\u00e9net<\/li>\n<\/ol>\n<p>Elmes\u00e9li: Urbanics Ildik\u00f3<\/p>\n","protected":false},"excerpt":{"rendered":"<p>2014. november 18. \u00dcl\u00e9seln\u00f6k: dr Verseghi Anna &nbsp; A vesztes\u00e9g feldolgoz\u00e1s\u00e1t k\u00eds\u00e9r\u0151 \u00e9rzelmi folyamatok hat\u00e1sa a rehabilit\u00e1ci\u00f3ra El\u0151adja: S Nagy Zita, W\u00e1gner Anna\u00e9s Kecsk\u00e9s Be\u00e1ta Megragadni \u2013 kapaszkodni \u2013 majd elengedni (Esetismertet\u00e9s) El\u0151adja: Szab\u00f3 G\u00e1bor \u00e9s Papi R\u00e9ka Szertefoszl\u00f3 \u00e1lmok. &#8222;Bez\u00e1rtam ajt\u00f3t,ablakot&#8230;l\u00e9tezem csak,mint a k\u00f6vek.&#8221; El\u0151adja: Frey Erika \u00e9s B\u00e1lint Brigitta Ki\u00e9 a trauma? El\u0151adja: &hellip;<\/p>\n","protected":false},"author":299,"featured_media":0,"comment_status":"closed","ping_status":"closed","sticky":false,"template":"","format":"standard","meta":{"_acf_changed":false,"footnotes":""},"categories":[5],"tags":[],"class_list":["post-254","post","type-post","status-publish","format-standard","hentry","category-referalo-ulesek"],"acf":[],"_links":{"self":[{"href":"https:\/\/semmelweis.hu\/rehab\/wp-json\/wp\/v2\/posts\/254","targetHints":{"allow":["GET"]}}],"collection":[{"href":"https:\/\/semmelweis.hu\/rehab\/wp-json\/wp\/v2\/posts"}],"about":[{"href":"https:\/\/semmelweis.hu\/rehab\/wp-json\/wp\/v2\/types\/post"}],"author":[{"embeddable":true,"href":"https:\/\/semmelweis.hu\/rehab\/wp-json\/wp\/v2\/users\/299"}],"replies":[{"embeddable":true,"href":"https:\/\/semmelweis.hu\/rehab\/wp-json\/wp\/v2\/comments?post=254"}],"version-history":[{"count":1,"href":"https:\/\/semmelweis.hu\/rehab\/wp-json\/wp\/v2\/posts\/254\/revisions"}],"predecessor-version":[{"id":255,"href":"https:\/\/semmelweis.hu\/rehab\/wp-json\/wp\/v2\/posts\/254\/revisions\/255"}],"wp:attachment":[{"href":"https:\/\/semmelweis.hu\/rehab\/wp-json\/wp\/v2\/media?parent=254"}],"wp:term":[{"taxonomy":"category","embeddable":true,"href":"https:\/\/semmelweis.hu\/rehab\/wp-json\/wp\/v2\/categories?post=254"},{"taxonomy":"post_tag","embeddable":true,"href":"https:\/\/semmelweis.hu\/rehab\/wp-json\/wp\/v2\/tags?post=254"}],"curies":[{"name":"wp","href":"https:\/\/api.w.org\/{rel}","templated":true}]}}