{"id":250,"date":"2014-10-07T09:25:37","date_gmt":"2014-10-07T07:25:37","guid":{"rendered":"http:\/\/semmelweis.hu\/rehab\/?page_id=250"},"modified":"2019-09-03T15:16:09","modified_gmt":"2019-09-03T13:16:09","slug":"2014-oktoberi-program","status":"publish","type":"post","link":"https:\/\/semmelweis.hu\/rehab\/2014\/10\/07\/2014-oktoberi-program\/","title":{"rendered":"2014. okt\u00f3beri program"},"content":{"rendered":"<p><strong>Okt\u00f3ber 7.<\/strong><\/p>\n<p><strong>\u00dcl\u00e9seln\u00f6k: Dr. Sz\u00e9l Istv\u00e1n f\u0151orvos<\/strong><\/p>\n<p><strong>Vegyes t\u00e9m\u00e1k<\/strong><\/p>\n<p>&nbsp;<\/p>\n<p>Napirend el\u0151tt: Invit\u00e1ci\u00f3 az Armeo Spring berendez\u00e9s megtekint\u00e9s\u00e9re \u2013 Dr.Tavaszi Ibolya<\/p>\n<ol>\n<li>Kun Tam\u00e1s: SOS K\u00f6zpont, megold\u00e1s a biztons\u00e1gra! (Az SOS beteg seg\u00e9lyh\u00edv\u00f3 rendszer bemutat\u00e1sa.)<\/li>\n<li>Dr. Najat N\u00e1rcisz : Foly\u00f3irat refer\u00e1l\u00e1s. T\u00e9m\u00e1k: 1) Splenectomi\u00e1n \u00e1tesett s\u00e9r\u00fcltek immuniz\u00e1l\u00e1sa 2) A korl\u00e1tozottan rendelkez\u00e9s\u00fcnkre \u00e1ll\u00f3 id\u0151vel val\u00f3 gazd\u00e1lkod\u00e1s a heveny agyk\u00e1rosod\u00e1s ut\u00e1ni rehabilit\u00e1ci\u00f3ban.<\/li>\n<li>Rehab. team tagok besz\u00e1mol\u00f3ja a rehabilit\u00e1ci\u00f3s medicina rigai ny\u00e1ri egyetem\u00e9n (Erasmus Intenz\u00edv Program) szerzett tapasztalataikr\u00f3l.<\/li>\n<li>Hal\u00e1loz\u00e1si audit (az OORI orvosai r\u00e9szv\u00e9tel\u00e9vel)<\/li>\n<\/ol>\n<p>&nbsp;<\/p>\n<p><strong>Okt\u00f3ber 28.<\/strong><\/p>\n<p><strong>\u00dcl\u00e9seln\u00f6k: Dr. Nagy Judit f\u0151orvos<\/strong><\/p>\n<p><strong>K\u00e9palkot\u00f3 vizsg\u00e1latok az OORI-ban<\/strong><\/p>\n<p><strong>\u00a0<\/strong><\/p>\n<ol>\n<li>Dr. Nagy Judit: K\u00e9palkot\u00f3 vizsg\u00e1latok szerepe a mozg\u00e1sszervi rehabilit\u00e1ci\u00f3ban<\/li>\n<li>Dr. Kov\u00e1cs Magdolna: Ortop\u00e9diai radiol\u00f3giai vizsg\u00e1latok sz\u00fcks\u00e9gess\u00e9ge<\/li>\n<li>Dr. V\u00e9n Ildik\u00f3: A radiol\u00f3giai vizsg\u00e1latok jelent\u0151s\u00e9ge a poszttraum\u00e1s rehabilit\u00e1ci\u00f3ban<\/li>\n<li>Megbesz\u00e9l\u00e9s<\/li>\n<\/ol>\n<p>&nbsp;<\/p>\n","protected":false},"excerpt":{"rendered":"<p>Okt\u00f3ber 7. \u00dcl\u00e9seln\u00f6k: Dr. Sz\u00e9l Istv\u00e1n f\u0151orvos Vegyes t\u00e9m\u00e1k &nbsp; Napirend el\u0151tt: Invit\u00e1ci\u00f3 az Armeo Spring berendez\u00e9s megtekint\u00e9s\u00e9re \u2013 Dr.Tavaszi Ibolya Kun Tam\u00e1s: SOS K\u00f6zpont, megold\u00e1s a biztons\u00e1gra! (Az SOS beteg seg\u00e9lyh\u00edv\u00f3 rendszer bemutat\u00e1sa.) Dr. Najat N\u00e1rcisz : Foly\u00f3irat refer\u00e1l\u00e1s. T\u00e9m\u00e1k: 1) Splenectomi\u00e1n \u00e1tesett s\u00e9r\u00fcltek immuniz\u00e1l\u00e1sa 2) A korl\u00e1tozottan rendelkez\u00e9s\u00fcnkre \u00e1ll\u00f3 id\u0151vel val\u00f3 gazd\u00e1lkod\u00e1s a &hellip;<\/p>\n","protected":false},"author":299,"featured_media":0,"comment_status":"closed","ping_status":"closed","sticky":false,"template":"","format":"standard","meta":{"_acf_changed":false,"footnotes":""},"categories":[5],"tags":[],"class_list":["post-250","post","type-post","status-publish","format-standard","hentry","category-referalo-ulesek"],"acf":[],"_links":{"self":[{"href":"https:\/\/semmelweis.hu\/rehab\/wp-json\/wp\/v2\/posts\/250","targetHints":{"allow":["GET"]}}],"collection":[{"href":"https:\/\/semmelweis.hu\/rehab\/wp-json\/wp\/v2\/posts"}],"about":[{"href":"https:\/\/semmelweis.hu\/rehab\/wp-json\/wp\/v2\/types\/post"}],"author":[{"embeddable":true,"href":"https:\/\/semmelweis.hu\/rehab\/wp-json\/wp\/v2\/users\/299"}],"replies":[{"embeddable":true,"href":"https:\/\/semmelweis.hu\/rehab\/wp-json\/wp\/v2\/comments?post=250"}],"version-history":[{"count":1,"href":"https:\/\/semmelweis.hu\/rehab\/wp-json\/wp\/v2\/posts\/250\/revisions"}],"predecessor-version":[{"id":251,"href":"https:\/\/semmelweis.hu\/rehab\/wp-json\/wp\/v2\/posts\/250\/revisions\/251"}],"wp:attachment":[{"href":"https:\/\/semmelweis.hu\/rehab\/wp-json\/wp\/v2\/media?parent=250"}],"wp:term":[{"taxonomy":"category","embeddable":true,"href":"https:\/\/semmelweis.hu\/rehab\/wp-json\/wp\/v2\/categories?post=250"},{"taxonomy":"post_tag","embeddable":true,"href":"https:\/\/semmelweis.hu\/rehab\/wp-json\/wp\/v2\/tags?post=250"}],"curies":[{"name":"wp","href":"https:\/\/api.w.org\/{rel}","templated":true}]}}