{"id":244,"date":"2014-09-12T10:50:51","date_gmt":"2014-09-12T08:50:51","guid":{"rendered":"http:\/\/semmelweis.hu\/rehab\/?page_id=244"},"modified":"2019-09-03T15:16:09","modified_gmt":"2019-09-03T13:16:09","slug":"2014-szeptemberi-program","status":"publish","type":"post","link":"https:\/\/semmelweis.hu\/rehab\/2014\/09\/12\/2014-szeptemberi-program\/","title":{"rendered":"2014. szeptemberi program"},"content":{"rendered":"<p>\u00dcl\u00e9seln\u00f6k: Dr. Farkas P\u00e9ter<\/p>\n<p>&nbsp;<\/p>\n<p>1.S\u00edkn\u00e9 dr. L\u00e1nyi Cec\u00edlia PhD. (Pannon Egyetem): A virtu\u00e1lis val\u00f3s\u00e1g ter\u00e1pia (40 perc)<\/p>\n<p>2.Dr. Papp Edit: K\u00f3rh\u00e1zi rezsics\u00f6kkent\u00e9s pelenk\u00e1z\u00e1son (15 perc)<\/p>\n<p>3.Az OORI\u2013ban m\u0171k\u00f6d\u0151 seg\u00e9deszk\u00f6z boltok bemutat\u00f3ja\u00a0 (30 perc)<\/p>\n<p>4.Dr. R\u00e9vay Edit (Sapientia Szerzetesi Hittudom\u00e1nyi F\u0151iskola): K\u00f3rh\u00e1zi \u00e9s rehabilit\u00e1ci\u00f3s betegell\u00e1t\u00e1sban dolgoz\u00f3k \u00e9s \u00f6nk\u00e9ntesek \u00e9letmin\u0151s\u00e9g\u00e9nek felm\u00e9r\u00e9s\u00e9r\u0151l (15 perc)<\/p>\n<p>&nbsp;<\/p>\n","protected":false},"excerpt":{"rendered":"<p>\u00dcl\u00e9seln\u00f6k: Dr. Farkas P\u00e9ter<br \/>\n&nbsp;<br \/>\n1.S\u00edkn\u00e9 dr. L\u00e1nyi Cec\u00edlia PhD. (Pannon Egyetem): A virtu\u00e1lis val\u00f3s\u00e1g ter\u00e1pia (40 perc)<br \/>\n2.Dr. Papp Edit: K\u00f3rh\u00e1zi rezsics\u00f6kkent\u00e9s pelenk\u00e1z\u00e1son (15 perc)<br \/>\n3.Az OORI\u2013ban m\u0171k\u00f6d\u0151 seg\u00e9deszk\u00f6z boltok bemutat\u00f3ja\u00a0 (30 perc)<br \/>\n4.Dr. R\u00e9vay Edit (Sapientia Szerzetesi Hittudom\u00e1nyi F\u0151iskola): K\u00f3rh\u00e1zi \u00e9s rehabilit\u00e1ci\u00f3s betegell\u00e1t\u00e1sban dolgoz\u00f3k \u00e9s \u00f6nk\u00e9ntesek \u00e9letmin\u0151s\u00e9g\u00e9nek felm\u00e9r\u00e9s\u00e9r\u0151l (15 perc)<br \/>\n&nbsp;<\/p>\n","protected":false},"author":299,"featured_media":0,"comment_status":"closed","ping_status":"closed","sticky":false,"template":"","format":"standard","meta":{"_acf_changed":false,"footnotes":""},"categories":[5],"tags":[],"class_list":["post-244","post","type-post","status-publish","format-standard","hentry","category-referalo-ulesek"],"acf":[],"_links":{"self":[{"href":"https:\/\/semmelweis.hu\/rehab\/wp-json\/wp\/v2\/posts\/244","targetHints":{"allow":["GET"]}}],"collection":[{"href":"https:\/\/semmelweis.hu\/rehab\/wp-json\/wp\/v2\/posts"}],"about":[{"href":"https:\/\/semmelweis.hu\/rehab\/wp-json\/wp\/v2\/types\/post"}],"author":[{"embeddable":true,"href":"https:\/\/semmelweis.hu\/rehab\/wp-json\/wp\/v2\/users\/299"}],"replies":[{"embeddable":true,"href":"https:\/\/semmelweis.hu\/rehab\/wp-json\/wp\/v2\/comments?post=244"}],"version-history":[{"count":2,"href":"https:\/\/semmelweis.hu\/rehab\/wp-json\/wp\/v2\/posts\/244\/revisions"}],"predecessor-version":[{"id":246,"href":"https:\/\/semmelweis.hu\/rehab\/wp-json\/wp\/v2\/posts\/244\/revisions\/246"}],"wp:attachment":[{"href":"https:\/\/semmelweis.hu\/rehab\/wp-json\/wp\/v2\/media?parent=244"}],"wp:term":[{"taxonomy":"category","embeddable":true,"href":"https:\/\/semmelweis.hu\/rehab\/wp-json\/wp\/v2\/categories?post=244"},{"taxonomy":"post_tag","embeddable":true,"href":"https:\/\/semmelweis.hu\/rehab\/wp-json\/wp\/v2\/tags?post=244"}],"curies":[{"name":"wp","href":"https:\/\/api.w.org\/{rel}","templated":true}]}}