{"id":213,"date":"2014-08-01T10:53:42","date_gmt":"2014-08-01T08:53:42","guid":{"rendered":"http:\/\/semmelweis.hu\/rehab\/?page_id=213"},"modified":"2019-09-03T15:16:09","modified_gmt":"2019-09-03T13:16:09","slug":"2014-augusztusi-program-ii","status":"publish","type":"post","link":"https:\/\/semmelweis.hu\/rehab\/2014\/08\/01\/2014-augusztusi-program-ii\/","title":{"rendered":"2014 augusztusi program II."},"content":{"rendered":"<p>&nbsp;<\/p>\n<p><strong>2014. augusztus 27. szerda<\/strong><\/p>\n<p><strong>\u00dcl\u00e9seln\u00f6k: Dr. D\u00e9nes Zolt\u00e1n<\/strong><\/p>\n<p>&nbsp;<\/p>\n<p>&nbsp;<\/p>\n<p><strong>XXXIII. ORFMMT V\u00e1ndorgy\u0171l\u00e9s el\u0151ad\u00e1sok bemutat\u00e1sa II. r\u00e9sz<\/strong><\/p>\n<ol>\n<li>Sz\u00f6ll\u0151si I\u00a0: Intenz\u00edv An\u00f3mia Ter\u00e1pia (IAT) bemutat\u00e1sa \u00e9s kezdeti tapasztatai<\/li>\n<li>M\u00e9sz\u00e1ros \u00c9, Szab\u00f3 G: Az idegen akcentus szindr\u00f3m\u00e1r\u00f3l m\u00e9g egyszer (esetismertet\u00e9s)<\/li>\n<li>Dr. Ken\u00e9z J, dr. T\u00f3nay G, dr. Fazekas G, dr. Boros E: Hal\u00e1loz\u00e1si auditok eredm\u00e9ny\u00e9nek elemz\u00e9se rehabilit\u00e1ci\u00f3s szakk\u00f3rh\u00e1z \u00e9s sokprofil\u00fa k\u00f3rh\u00e1z rehabilit\u00e1ci\u00f3s oszt\u00e1lyain<\/li>\n<li>S. Nagy Z, Kecsk\u00e9s B, W\u00e1gner A: Rehabilit\u00e1ci\u00f3 \u00e9s gy\u00e1sz<\/li>\n<li>M\u00e9sz\u00e1ros G, dr. Feh\u00e9r M, Kalm\u00e1r J: A team-munka hat\u00e9konys\u00e1ga a megv\u00e1ltozott munkak\u00e9pess\u00e9g\u0171 munkav\u00e1llal\u00f3k foglalkoztat\u00e1s\u00e1ban.<\/li>\n<li>M\u00e9sz\u00e1ros G, Risk\u00f3 \u00c1, Szikriszt \u00c9: Pozit\u00edv pszichol\u00f3gia &#8211; az ember pozit\u00edv jellemvon\u00e1sainak tudom\u00e1nya a rehabilit\u00e1ci\u00f3ban.<\/li>\n<li>Dr. Hampel K, Mikl\u00f3dy-Tr\u00e1sy-E, Moln\u00e1r A, J\u00e1vor Zs, dr. Boros E: Lymphoedema rehabilit\u00e1ci\u00f3s program eredm\u00e9ny\u00e9nek \u00fajabb m\u00e9r\u00e9si m\u00f3dszerei: v\u00e9gt\u00e9rfogatsz\u00e1mol\u00e1s \u00e9s j\u00e1r\u00e1selemz\u00e9s<\/li>\n<li>Dr. Tarj\u00e1nyi Sz:\u00a0 A hydrocephalus probl\u00e9m\u00e1ja az agys\u00e9r\u00fcltek rehabilit\u00e1ci\u00f3ja sor\u00e1n<\/li>\n<li>Dr. D\u00e9nes Z, dr. Belinszkaja G, dr. Nagy H, dr. Tarj\u00e1nyi Sz:\u00a0 S\u00falyos agys\u00e9r\u00fclt betegek korai rehabilit\u00e1ci\u00f3s kezel\u00e9s\u00e9re l\u00e9trehozott \u00faj r\u00e9szleg m\u0171k\u00f6d\u00e9s\u00e9nek els\u0151 tapasztalatai.<\/li>\n<li>Dr. Matesz I, dr. D\u00e9nes Z, dr. Belinszkaja G, Frey E, dr. Nagy H, dr.Tarj\u00e1nyi Sz: Agys\u00e9r\u00fclt betegek tracheoszt\u00f3m\u00e1j\u00e1nak dekan\u00fcl\u00e1l\u00e1sa bronchoszk\u00f3pos ellen\u0151rz\u00e9s \u00a0 mellett.<\/li>\n<li>Dr. \u00a0Nagy H, dr. Tarj\u00e1nyi Sz, Frey E, dr. D\u00e9nes Z: A botulinum toxin alkalmaz\u00e1sa a spaszticit\u00e1s kezel\u00e9s\u00e9ben a rehabilit\u00e1ci\u00f3s oszt\u00e1lyon.<\/li>\n<li>Dr Vass I: Tumoros alapbetegs\u00e9g miatt amput\u00e1ltak rehabilit\u00e1ci\u00f3ja sor\u00e1n fell\u00e9p\u0151 neh\u00e9zs\u00e9gek.<\/li>\n<\/ol>\n<p>&nbsp;<\/p>\n","protected":false},"excerpt":{"rendered":"<p>&nbsp; 2014. augusztus 27. szerda \u00dcl\u00e9seln\u00f6k: Dr. D\u00e9nes Zolt\u00e1n &nbsp; &nbsp; XXXIII. ORFMMT V\u00e1ndorgy\u0171l\u00e9s el\u0151ad\u00e1sok bemutat\u00e1sa II. r\u00e9sz Sz\u00f6ll\u0151si I\u00a0: Intenz\u00edv An\u00f3mia Ter\u00e1pia (IAT) bemutat\u00e1sa \u00e9s kezdeti tapasztatai M\u00e9sz\u00e1ros \u00c9, Szab\u00f3 G: Az idegen akcentus szindr\u00f3m\u00e1r\u00f3l m\u00e9g egyszer (esetismertet\u00e9s) Dr. Ken\u00e9z J, dr. T\u00f3nay G, dr. Fazekas G, dr. Boros E: Hal\u00e1loz\u00e1si auditok eredm\u00e9ny\u00e9nek elemz\u00e9se &hellip;<\/p>\n","protected":false},"author":299,"featured_media":0,"comment_status":"closed","ping_status":"closed","sticky":false,"template":"","format":"standard","meta":{"_acf_changed":false,"footnotes":""},"categories":[5],"tags":[],"class_list":["post-213","post","type-post","status-publish","format-standard","hentry","category-referalo-ulesek"],"acf":[],"_links":{"self":[{"href":"https:\/\/semmelweis.hu\/rehab\/wp-json\/wp\/v2\/posts\/213","targetHints":{"allow":["GET"]}}],"collection":[{"href":"https:\/\/semmelweis.hu\/rehab\/wp-json\/wp\/v2\/posts"}],"about":[{"href":"https:\/\/semmelweis.hu\/rehab\/wp-json\/wp\/v2\/types\/post"}],"author":[{"embeddable":true,"href":"https:\/\/semmelweis.hu\/rehab\/wp-json\/wp\/v2\/users\/299"}],"replies":[{"embeddable":true,"href":"https:\/\/semmelweis.hu\/rehab\/wp-json\/wp\/v2\/comments?post=213"}],"version-history":[{"count":5,"href":"https:\/\/semmelweis.hu\/rehab\/wp-json\/wp\/v2\/posts\/213\/revisions"}],"predecessor-version":[{"id":242,"href":"https:\/\/semmelweis.hu\/rehab\/wp-json\/wp\/v2\/posts\/213\/revisions\/242"}],"wp:attachment":[{"href":"https:\/\/semmelweis.hu\/rehab\/wp-json\/wp\/v2\/media?parent=213"}],"wp:term":[{"taxonomy":"category","embeddable":true,"href":"https:\/\/semmelweis.hu\/rehab\/wp-json\/wp\/v2\/categories?post=213"},{"taxonomy":"post_tag","embeddable":true,"href":"https:\/\/semmelweis.hu\/rehab\/wp-json\/wp\/v2\/tags?post=213"}],"curies":[{"name":"wp","href":"https:\/\/api.w.org\/{rel}","templated":true}]}}