{"id":211,"date":"2014-08-01T10:51:10","date_gmt":"2014-08-01T08:51:10","guid":{"rendered":"http:\/\/semmelweis.hu\/rehab\/?page_id=211"},"modified":"2019-09-03T15:16:09","modified_gmt":"2019-09-03T13:16:09","slug":"2014-augusztusi-program-i","status":"publish","type":"post","link":"https:\/\/semmelweis.hu\/rehab\/2014\/08\/01\/2014-augusztusi-program-i\/","title":{"rendered":"2014. augusztusi program I."},"content":{"rendered":"<p>&nbsp;<\/p>\n<p><strong>2014. augusztus 26. kedd<\/strong><\/p>\n<p><strong>\u00dcl\u00e9seln\u00f6k: Dr. Ken\u00e9z J\u00falia<\/strong><\/p>\n<p>&nbsp;<\/p>\n<p><strong>XVIII.Magyar Radiol\u00f3gus Asszisztensek Kongresszus el\u0151ad\u00e1s bemutat\u00e1sa<\/strong><\/p>\n<p><strong>XXXIII. ORFMMT V\u00e1ndorgy\u0171l\u00e9s el\u0151ad\u00e1sok bemutat\u00e1sa I.r\u00e9sz<\/strong><\/p>\n<ol>\n<li>Varga Ln\u00e9, Moln\u00e1rn\u00e9 B J, P\u00e9k\u00f3 T, Dr. Nagy J: Infekci\u00f3s \u00edz\u00fcleti endoprot\u00e9zisek<\/li>\n<li>\u0150rley Z, dr. Putz M, dr. Tavaszi I: T\u00f6lts\u00fck meg a falakat tartalommal &#8211; Inform\u00e1ci\u00f3k\u00e9pek a rehabilit\u00e1ci\u00f3ban.<\/li>\n<li>\u0150rley Z, dr. Putz M: Hangyaboly vagy m\u00e1trix? &#8211; Metafor\u00e1k a team k\u00f6r\u00fcl.<\/li>\n<li>dr. Both B, dr. J\u00f3svay J, dr. Farkas P, dr. Markotics A, dr. Klauber A, dr. Putz M: Parapl\u00e9g betegeink decubitus okozta szeptikus cs\u00edp\u0151\u00edz\u00fcleti fert\u0151z\u00e9seinek Girlestone osteotomi\u00e1val t\u00f6rt\u00e9n\u0151 eredm\u00e9nyes kezel\u00e9se.<\/li>\n<li>Havlikn\u00e9 Glabisz I: Parapl\u00e9g emberek felk\u00e9sz\u00edt\u00e9se kerekessz\u00e9k haszn\u00e1latra.<\/li>\n<li>M\u00e9sz\u00e1ros E, dr. Both B, De\u00e1k J, Havlikn\u00e9 G. I., dr. Klauber A, M\u00e9sz\u00e1ros G, Zsegunova A: A teammunka elm\u00e9lete \u00e9s gyakorlata. \u2013 Esetismertet\u00e9s<\/li>\n<li>dr. V\u00e9n I, H\u00e1mornik B. P, Juh\u00e1sz M.: Kommunik\u00e1ci\u00f3s probl\u00e9m\u00e1k t\u00e9nyez\u0151i a rehabilit\u00e1ci\u00f3s team-munk\u00e1ban<\/li>\n<li>Farkasn\u00e9 U. A, Csord\u00e1s \u00c1, dr. V\u00e9n I: Instabil fel\u00fcletek alkalmaz\u00e1sa traum\u00e1s amput\u00e1ltak j\u00e1r\u00e1sk\u00e9szs\u00e9g fejleszt\u00e9s\u00e9ben.<\/li>\n<li>Nemes L, Kov\u00e1cs N, Stageln\u00e9 M. K, dr. V\u00e9n I: T\u00f6rzskontroll kialak\u00edt\u00e1s traum\u00e1s amput\u00e1ltak rehabilit\u00e1ci\u00f3j\u00e1ban.<\/li>\n<li>T\u00f3thn\u00e9 Cs. \u00c1, Farkasn\u00e9 U. A, St\u00e1geln\u00e9 M. K,dr. V\u00e9n I: Traum\u00e1s amput\u00e1lt betegek j\u00e1r\u00e1sk\u00e9p vizsg\u00e1lata gyakorlati szemmel<\/li>\n<li>dr. Putz M: Az intermitt\u00e1l\u00f3 kat\u00e9terez\u00e9sr\u0151l &#8211; m\u00e1s-k\u00e9p(p)<\/li>\n<\/ol>\n","protected":false},"excerpt":{"rendered":"<p>&nbsp; 2014. augusztus 26. kedd \u00dcl\u00e9seln\u00f6k: Dr. Ken\u00e9z J\u00falia &nbsp; XVIII.Magyar Radiol\u00f3gus Asszisztensek Kongresszus el\u0151ad\u00e1s bemutat\u00e1sa XXXIII. ORFMMT V\u00e1ndorgy\u0171l\u00e9s el\u0151ad\u00e1sok bemutat\u00e1sa I.r\u00e9sz Varga Ln\u00e9, Moln\u00e1rn\u00e9 B J, P\u00e9k\u00f3 T, Dr. Nagy J: Infekci\u00f3s \u00edz\u00fcleti endoprot\u00e9zisek \u0150rley Z, dr. Putz M, dr. Tavaszi I: T\u00f6lts\u00fck meg a falakat tartalommal &#8211; Inform\u00e1ci\u00f3k\u00e9pek a rehabilit\u00e1ci\u00f3ban. \u0150rley Z, dr. &hellip;<\/p>\n","protected":false},"author":299,"featured_media":0,"comment_status":"closed","ping_status":"closed","sticky":false,"template":"","format":"standard","meta":{"_acf_changed":false,"footnotes":""},"categories":[5],"tags":[],"class_list":["post-211","post","type-post","status-publish","format-standard","hentry","category-referalo-ulesek"],"acf":[],"_links":{"self":[{"href":"https:\/\/semmelweis.hu\/rehab\/wp-json\/wp\/v2\/posts\/211","targetHints":{"allow":["GET"]}}],"collection":[{"href":"https:\/\/semmelweis.hu\/rehab\/wp-json\/wp\/v2\/posts"}],"about":[{"href":"https:\/\/semmelweis.hu\/rehab\/wp-json\/wp\/v2\/types\/post"}],"author":[{"embeddable":true,"href":"https:\/\/semmelweis.hu\/rehab\/wp-json\/wp\/v2\/users\/299"}],"replies":[{"embeddable":true,"href":"https:\/\/semmelweis.hu\/rehab\/wp-json\/wp\/v2\/comments?post=211"}],"version-history":[{"count":5,"href":"https:\/\/semmelweis.hu\/rehab\/wp-json\/wp\/v2\/posts\/211\/revisions"}],"predecessor-version":[{"id":240,"href":"https:\/\/semmelweis.hu\/rehab\/wp-json\/wp\/v2\/posts\/211\/revisions\/240"}],"wp:attachment":[{"href":"https:\/\/semmelweis.hu\/rehab\/wp-json\/wp\/v2\/media?parent=211"}],"wp:term":[{"taxonomy":"category","embeddable":true,"href":"https:\/\/semmelweis.hu\/rehab\/wp-json\/wp\/v2\/categories?post=211"},{"taxonomy":"post_tag","embeddable":true,"href":"https:\/\/semmelweis.hu\/rehab\/wp-json\/wp\/v2\/tags?post=211"}],"curies":[{"name":"wp","href":"https:\/\/api.w.org\/{rel}","templated":true}]}}