{"id":207,"date":"2014-05-15T10:04:47","date_gmt":"2014-05-15T09:04:47","guid":{"rendered":"http:\/\/semmelweis.hu\/rehab\/?page_id=207"},"modified":"2019-09-03T15:16:09","modified_gmt":"2019-09-03T13:16:09","slug":"2014-juniusi-program","status":"publish","type":"post","link":"https:\/\/semmelweis.hu\/rehab\/2014\/05\/15\/2014-juniusi-program\/","title":{"rendered":"2014. j\u00faniusi program"},"content":{"rendered":"<p><b>2014. j\u00fanius 3.<\/b><br \/>\n<b>\u00dcl\u00e9seln\u00f6k: Dr. Kov\u00e1cs Magdolna<\/b><\/p>\n<ol>\n<li>Dr. Karlik Natalia:\u00a0 Transzf\u00fazi\u00f3s h\u00e1zirend<\/li>\n<li>Dr. B\u00f6lcsh\u00e1zy Zolt\u00e1n: Rot\u00e1ci\u00f3s t\u00e9rdprot\u00e9zis<\/li>\n<li>Dr. Hampel Ferenc: L\u00e1b panaszok<\/li>\n<li>Dr.Kov\u00e1cs Magdolna-Stefanik Gy\u00f6rgyi-Dobszai Ambrusn\u00e9: Az Ortop\u00e9diai \u00a0Oszt\u00e1ly rehabilit\u00e1ci\u00f3s m\u0171t\u00e9tei<\/li>\n<\/ol>\n<p><b>\u00a0<\/b><\/p>\n<p><b>2014. j\u00fanius 17.<\/b><br \/>\n<b>\u00dcl\u00e9seln\u00f6k:<\/b> <b>Dr. D\u00e9nes Zolt\u00e1n\u00a0f\u0151orvos <\/b><br \/>\n<b>Kutat\u00e1si nap<\/b><\/p>\n<ol>\n<li>Zsiga Katalin, Ph.D. hallgat\u00f3: Id\u0151seket seg\u00edt\u0151 robott\u00e1rs terepvizsg\u00e1lata<\/li>\n<li>Kov\u00e1cs Andrea, \u00a0Ph.D. hallgat\u00f3: A rezg\u00e9ster\u00e1pia azonnali hat\u00e1sa strokeos betegek fels\u0151 v\u00e9gtag mozg\u00e1s\u00e1ra \u00e9s az izomaktivit\u00e1sra<\/li>\n<li>\u00d6rley Zita: Funkci\u00f3 \u00e9s forma, Kommunik\u00e1ci\u00f3 az af\u00e1zi\u00e1ban \u00e9s az af\u00e1zi\u00e1r\u00f3l<\/li>\n<li>H\u00e1mornik Bal\u00e1zs P\u00e9ter (M\u0171szaki Egyetem\u00a0 Munkapszichol. Tansz\u00e9k) Juh\u00e1sz M\u00e1rta, Dr. V\u00e9n Ildik\u00f3: A kommunik\u00e1ci\u00f3 \u00e9s egy\u00fcttm\u0171k\u00f6d\u00e9s vizsg\u00e1lat\u00e1nak \u00f6sszegz\u0151 tapasztalatai egy mozg\u00e1sszervi rehabilit\u00e1ci\u00f3s oszt\u00e1lyon<\/li>\n<\/ol>\n","protected":false},"excerpt":{"rendered":"<p>2014. j\u00fanius 3. \u00dcl\u00e9seln\u00f6k: Dr. Kov\u00e1cs Magdolna Dr. Karlik Natalia:\u00a0 Transzf\u00fazi\u00f3s h\u00e1zirend Dr. B\u00f6lcsh\u00e1zy Zolt\u00e1n: Rot\u00e1ci\u00f3s t\u00e9rdprot\u00e9zis Dr. Hampel Ferenc: L\u00e1b panaszok Dr.Kov\u00e1cs Magdolna-Stefanik Gy\u00f6rgyi-Dobszai Ambrusn\u00e9: Az Ortop\u00e9diai \u00a0Oszt\u00e1ly rehabilit\u00e1ci\u00f3s m\u0171t\u00e9tei \u00a0 2014. j\u00fanius 17. \u00dcl\u00e9seln\u00f6k: Dr. D\u00e9nes Zolt\u00e1n\u00a0f\u0151orvos Kutat\u00e1si nap Zsiga Katalin, Ph.D. hallgat\u00f3: Id\u0151seket seg\u00edt\u0151 robott\u00e1rs terepvizsg\u00e1lata Kov\u00e1cs Andrea, \u00a0Ph.D. hallgat\u00f3: A rezg\u00e9ster\u00e1pia &hellip;<\/p>\n","protected":false},"author":299,"featured_media":0,"comment_status":"closed","ping_status":"closed","sticky":false,"template":"","format":"standard","meta":{"_acf_changed":false,"footnotes":""},"categories":[5],"tags":[],"class_list":["post-207","post","type-post","status-publish","format-standard","hentry","category-referalo-ulesek"],"acf":[],"_links":{"self":[{"href":"https:\/\/semmelweis.hu\/rehab\/wp-json\/wp\/v2\/posts\/207","targetHints":{"allow":["GET"]}}],"collection":[{"href":"https:\/\/semmelweis.hu\/rehab\/wp-json\/wp\/v2\/posts"}],"about":[{"href":"https:\/\/semmelweis.hu\/rehab\/wp-json\/wp\/v2\/types\/post"}],"author":[{"embeddable":true,"href":"https:\/\/semmelweis.hu\/rehab\/wp-json\/wp\/v2\/users\/299"}],"replies":[{"embeddable":true,"href":"https:\/\/semmelweis.hu\/rehab\/wp-json\/wp\/v2\/comments?post=207"}],"version-history":[{"count":1,"href":"https:\/\/semmelweis.hu\/rehab\/wp-json\/wp\/v2\/posts\/207\/revisions"}],"predecessor-version":[{"id":208,"href":"https:\/\/semmelweis.hu\/rehab\/wp-json\/wp\/v2\/posts\/207\/revisions\/208"}],"wp:attachment":[{"href":"https:\/\/semmelweis.hu\/rehab\/wp-json\/wp\/v2\/media?parent=207"}],"wp:term":[{"taxonomy":"category","embeddable":true,"href":"https:\/\/semmelweis.hu\/rehab\/wp-json\/wp\/v2\/categories?post=207"},{"taxonomy":"post_tag","embeddable":true,"href":"https:\/\/semmelweis.hu\/rehab\/wp-json\/wp\/v2\/tags?post=207"}],"curies":[{"name":"wp","href":"https:\/\/api.w.org\/{rel}","templated":true}]}}