{"id":194,"date":"2014-04-28T09:16:42","date_gmt":"2014-04-28T08:16:42","guid":{"rendered":"http:\/\/semmelweis.hu\/rehab\/?page_id=194"},"modified":"2019-09-03T15:16:09","modified_gmt":"2019-09-03T13:16:09","slug":"2014-majusi-program","status":"publish","type":"post","link":"https:\/\/semmelweis.hu\/rehab\/2014\/04\/28\/2014-majusi-program\/","title":{"rendered":"2014. m\u00e1jusi program"},"content":{"rendered":"<p><strong>\u00a0<\/strong><\/p>\n<p><strong>2014. m\u00e1jus 6.<\/strong><br \/>\n<strong> \u00dcl\u00e9seln\u00f6k: Dr. Rembeczki L\u00e1szl\u00f3 f\u0151orvos<\/strong><br \/>\n<strong> HONNAN J\u00d6V\u00dcNK, MERRE TARTUNK?<\/strong><br \/>\n<strong> SZMRO \u00e9s az Amp.Seb. oszt\u00e1ly<\/strong><\/p>\n<p>1.Dr.Rembeczki L\u00e1szl\u00f3: Honnan j\u00f6v\u00fcnk, merre tartunk?<br \/>\n\u00d6sszefoglal\u00f3 az Amp. Seb. oszt\u00e1lyon t\u00f6rt\u00e9nt v\u00e1ltoz\u00e1sokr\u00f3l.<br \/>\nEr\u0151ss\u00e9geink, gyenges\u00e9geink, lehet\u0151s\u00e9geink, vesz\u00e9lyek.<br \/>\nMissio, j\u00f6v\u0151k\u00e9p.<br \/>\n2.Dr. Farkas P\u00e9ter, Dr. Rembeczki L\u00e1szl\u00f3: A szeptikus csont-\u00edz\u00fcleti \u00e9s az amput\u00e1ci\u00f3s rehabilit\u00e1ci\u00f3 elm\u00e9leti \u00e9s gyakorlati egy\u00fcttm\u0171k\u00f6d\u00e9si lehet\u0151s\u00e9gei<br \/>\n3.Dr. Farkas P\u00e9ter: M\u0171t\u00e9ti \u00e9s rehabilit\u00e1ci\u00f3s teend\u0151k diabeteszes neuropathi\u00e1s l\u00e1b kezel\u00e9se sor\u00e1n<br \/>\n4.Czak\u00f3 Kata, B\u00f3di Anita, Kov\u00e1cs Zs\u00f3fia: A szeptikus csont-\u00edz\u00fcleti rehabilit\u00e1ci\u00f3 mozg\u00e1ster\u00e1pi\u00e1j\u00e1nak legfontosabb elemei.<\/p>\n<p><b>2014. m\u00e1jus 20.<\/b><br \/>\n<b>\u00dcl\u00e9seln\u00f6k:<\/b> <b>Dr. Klauber Andr\u00e1s\u00a0f\u0151orvos <\/b><br \/>\n<b>Korai Rehab. Oszt\u00e1lyok tev\u00e9kenys\u00e9ge<\/b><br \/>\n<b>\u00a0<\/b><br \/>\n1.Dr. D\u00e9nes Zolt\u00e1n:\u00a0 \u00daj r\u00e9szleg kialak\u00edt\u00e1sa az Agys\u00e9r\u00fcltek Rehabilit\u00e1ci\u00f3s Oszt\u00e1ly\u00e1n<br \/>\n2.Dr. Klauber Andr\u00e1s: 2013. \u00e1prilis 1-\u00e9n indult a Tetrapl\u00e9g betegek korai rehabilit\u00e1ci\u00f3s r\u00e9szlege<br \/>\n3.FIFO konferencia el\u0151ad\u00e1sainak bemutat\u00e1sa<\/p>\n<p>&nbsp;<\/p>\n","protected":false},"excerpt":{"rendered":"<p>\u00a0 2014. m\u00e1jus 6. \u00dcl\u00e9seln\u00f6k: Dr. Rembeczki L\u00e1szl\u00f3 f\u0151orvos HONNAN J\u00d6V\u00dcNK, MERRE TARTUNK? SZMRO \u00e9s az Amp.Seb. oszt\u00e1ly 1.Dr.Rembeczki L\u00e1szl\u00f3: Honnan j\u00f6v\u00fcnk, merre tartunk? \u00d6sszefoglal\u00f3 az Amp. Seb. oszt\u00e1lyon t\u00f6rt\u00e9nt v\u00e1ltoz\u00e1sokr\u00f3l. Er\u0151ss\u00e9geink, gyenges\u00e9geink, lehet\u0151s\u00e9geink, vesz\u00e9lyek. Missio, j\u00f6v\u0151k\u00e9p. 2.Dr. Farkas P\u00e9ter, Dr. Rembeczki L\u00e1szl\u00f3: A szeptikus csont-\u00edz\u00fcleti \u00e9s az amput\u00e1ci\u00f3s rehabilit\u00e1ci\u00f3 elm\u00e9leti \u00e9s gyakorlati egy\u00fcttm\u0171k\u00f6d\u00e9si lehet\u0151s\u00e9gei &hellip;<\/p>\n","protected":false},"author":299,"featured_media":0,"comment_status":"closed","ping_status":"closed","sticky":false,"template":"","format":"standard","meta":{"_acf_changed":false,"footnotes":""},"categories":[5],"tags":[],"class_list":["post-194","post","type-post","status-publish","format-standard","hentry","category-referalo-ulesek"],"acf":[],"_links":{"self":[{"href":"https:\/\/semmelweis.hu\/rehab\/wp-json\/wp\/v2\/posts\/194","targetHints":{"allow":["GET"]}}],"collection":[{"href":"https:\/\/semmelweis.hu\/rehab\/wp-json\/wp\/v2\/posts"}],"about":[{"href":"https:\/\/semmelweis.hu\/rehab\/wp-json\/wp\/v2\/types\/post"}],"author":[{"embeddable":true,"href":"https:\/\/semmelweis.hu\/rehab\/wp-json\/wp\/v2\/users\/299"}],"replies":[{"embeddable":true,"href":"https:\/\/semmelweis.hu\/rehab\/wp-json\/wp\/v2\/comments?post=194"}],"version-history":[{"count":6,"href":"https:\/\/semmelweis.hu\/rehab\/wp-json\/wp\/v2\/posts\/194\/revisions"}],"predecessor-version":[{"id":206,"href":"https:\/\/semmelweis.hu\/rehab\/wp-json\/wp\/v2\/posts\/194\/revisions\/206"}],"wp:attachment":[{"href":"https:\/\/semmelweis.hu\/rehab\/wp-json\/wp\/v2\/media?parent=194"}],"wp:term":[{"taxonomy":"category","embeddable":true,"href":"https:\/\/semmelweis.hu\/rehab\/wp-json\/wp\/v2\/categories?post=194"},{"taxonomy":"post_tag","embeddable":true,"href":"https:\/\/semmelweis.hu\/rehab\/wp-json\/wp\/v2\/tags?post=194"}],"curies":[{"name":"wp","href":"https:\/\/api.w.org\/{rel}","templated":true}]}}