{"id":188,"date":"2014-03-11T11:35:23","date_gmt":"2014-03-11T10:35:23","guid":{"rendered":"http:\/\/semmelweis.hu\/rehab\/?page_id=188"},"modified":"2019-09-03T15:16:09","modified_gmt":"2019-09-03T13:16:09","slug":"2014-aprilisi-program","status":"publish","type":"post","link":"https:\/\/semmelweis.hu\/rehab\/2014\/03\/11\/2014-aprilisi-program\/","title":{"rendered":"2014. \u00e1prilisi program"},"content":{"rendered":"<p align=\"center\"><b>Refer\u00e1l\u00f3- tudom\u00e1nyos \u00fcl\u00e9s program<\/b><\/p>\n<p align=\"center\"><b>2014. \u00e1prilis<\/b><b>\u00a0<\/b><\/p>\n<p><b>\u00a0<\/b><\/p>\n<p><b>\u00a0<\/b><\/p>\n<p><b>2014. \u00e1prilis 1.<\/b><\/p>\n<p><b>\u00dcl\u00e9seln\u00f6k: Dr. Sz\u00e9l Istv\u00e1n f\u0151orvos<\/b><\/p>\n<p><b>EG\u00c9SZS\u00c9GES \u00c9LETM\u00d3D<\/b><\/p>\n<p>&nbsp;<\/p>\n<ol>\n<li>Hodov\u00e1n Zs\u00f3fia (OKPTI): &#8222;F\u00fcstmentesen, szabadabb vagyok&#8221;- Tapasztalatok a doh\u00e1nyz\u00e1sr\u00f3l leszok\u00e1st t\u00e1mogat\u00f3 programr\u00f3l.<\/li>\n<li>Tak\u00e1ts Emese: A sport \u00e9lettani hat\u00e1sai<\/li>\n<li>Boros Edit, Barta Be\u00e1ta: Az \u00e9lelemz\u00e9s \u00e9s a dietetika szerepe az OORI-ban (lehet\u0151s\u00e9gek, tervek).<\/li>\n<li>Dr. Sz\u00e9l Istv\u00e1n: Mi ne maradjon ki a t\u00e1pl\u00e1l\u00e9kainkb\u00f3l?<\/li>\n<\/ol>\n<p>&nbsp;<\/p>\n<p>&nbsp;<\/p>\n<p><b>2014. \u00e1prilis 15.<\/b><\/p>\n<p><b>\u00dcl\u00e9seln\u00f6k: Dr. Boros Erzs\u00e9bet<\/b><\/p>\n<p><b>AUDITNAP<\/b><\/p>\n<p>&nbsp;<\/p>\n<p>Dr. Boros Erzs\u00e9bet: Bevezet\u0151: Hal\u00e1loz\u00e1si audit, mi\u00e9rt \u00e9s hogyan v\u00e9gezz\u00fck?<\/p>\n<ol>\n<li>Dr. Fazekas G\u00e1bor: Hal\u00e1loz\u00e1si audit m\u00f3dszertana \u00e9s tapasztalatai a J\u00e1nos K\u00f3rh\u00e1z Rehabilit\u00e1ci\u00f3s Oszt\u00e1ly\u00e1n &#8211; felk\u00e9rt hozz\u00e1sz\u00f3l\u00e1s<\/li>\n<li>Cs\u00e9ple\u0151 Vikt\u00f3ria: \u00c1pol\u00e1si dokument\u00e1ci\u00f3 auditja<\/li>\n<li>Dr. Sz\u00e9l Istv\u00e1n: Nem tervezett \u00e1thelyez\u00e9sek auditja<\/li>\n<li>Dr. Sz\u00f6gi Be\u00e1ta: K\u00f3rlapaudit<\/li>\n<li>Dr. Boros Erzs\u00e9bet: Gy\u00f3gyszer audit<\/li>\n<li>Hal\u00e1loz\u00e1si audit<\/li>\n<\/ol>\n","protected":false},"excerpt":{"rendered":"<p>Refer\u00e1l\u00f3- tudom\u00e1nyos \u00fcl\u00e9s program 2014. \u00e1prilis\u00a0 \u00a0 \u00a0 2014. \u00e1prilis 1. \u00dcl\u00e9seln\u00f6k: Dr. Sz\u00e9l Istv\u00e1n f\u0151orvos EG\u00c9SZS\u00c9GES \u00c9LETM\u00d3D &nbsp; Hodov\u00e1n Zs\u00f3fia (OKPTI): &#8222;F\u00fcstmentesen, szabadabb vagyok&#8221;- Tapasztalatok a doh\u00e1nyz\u00e1sr\u00f3l leszok\u00e1st t\u00e1mogat\u00f3 programr\u00f3l. Tak\u00e1ts Emese: A sport \u00e9lettani hat\u00e1sai Boros Edit, Barta Be\u00e1ta: Az \u00e9lelemz\u00e9s \u00e9s a dietetika szerepe az OORI-ban (lehet\u0151s\u00e9gek, tervek). Dr. Sz\u00e9l Istv\u00e1n: Mi &hellip;<\/p>\n","protected":false},"author":299,"featured_media":0,"comment_status":"closed","ping_status":"closed","sticky":false,"template":"","format":"standard","meta":{"_acf_changed":false,"footnotes":""},"categories":[5],"tags":[],"class_list":["post-188","post","type-post","status-publish","format-standard","hentry","category-referalo-ulesek"],"acf":[],"_links":{"self":[{"href":"https:\/\/semmelweis.hu\/rehab\/wp-json\/wp\/v2\/posts\/188","targetHints":{"allow":["GET"]}}],"collection":[{"href":"https:\/\/semmelweis.hu\/rehab\/wp-json\/wp\/v2\/posts"}],"about":[{"href":"https:\/\/semmelweis.hu\/rehab\/wp-json\/wp\/v2\/types\/post"}],"author":[{"embeddable":true,"href":"https:\/\/semmelweis.hu\/rehab\/wp-json\/wp\/v2\/users\/299"}],"replies":[{"embeddable":true,"href":"https:\/\/semmelweis.hu\/rehab\/wp-json\/wp\/v2\/comments?post=188"}],"version-history":[{"count":3,"href":"https:\/\/semmelweis.hu\/rehab\/wp-json\/wp\/v2\/posts\/188\/revisions"}],"predecessor-version":[{"id":273,"href":"https:\/\/semmelweis.hu\/rehab\/wp-json\/wp\/v2\/posts\/188\/revisions\/273"}],"wp:attachment":[{"href":"https:\/\/semmelweis.hu\/rehab\/wp-json\/wp\/v2\/media?parent=188"}],"wp:term":[{"taxonomy":"category","embeddable":true,"href":"https:\/\/semmelweis.hu\/rehab\/wp-json\/wp\/v2\/categories?post=188"},{"taxonomy":"post_tag","embeddable":true,"href":"https:\/\/semmelweis.hu\/rehab\/wp-json\/wp\/v2\/tags?post=188"}],"curies":[{"name":"wp","href":"https:\/\/api.w.org\/{rel}","templated":true}]}}