{"id":160,"date":"2014-02-10T12:39:11","date_gmt":"2014-02-10T11:39:11","guid":{"rendered":"http:\/\/semmelweis.hu\/rehab\/?page_id=160"},"modified":"2019-09-03T15:16:09","modified_gmt":"2019-09-03T13:16:09","slug":"novoszel-emleknap-2014","status":"publish","type":"post","link":"https:\/\/semmelweis.hu\/rehab\/2014\/02\/10\/novoszel-emleknap-2014\/","title":{"rendered":"Novoszel Eml\u00e9knap 2014.03.28."},"content":{"rendered":"<p align=\"center\"><b>MEGH\u00cdV\u00d3<\/b><b><\/b><\/p>\n<p align=\"left\">Az OORI Gerincvel\u0151s\u00e9r\u00fcltek Rehabilit\u00e1ci\u00f3s Oszt\u00e1lya \u00e9s a NEKO Magyar Gerinc Alap\u00edtv\u00e1ny nev\u00e9ben szeretettel megh\u00edvunk minden kedves \u00e9rdekl\u0151d\u0151t a<\/p>\n<p align=\"left\">\u00a0\u00a0\u00a0\u00a0\u00a0\u00a0\u00a0\u00a0\u00a0\u00a0\u00a0\u00a0\u00a0\u00a0\u00a0\u00a0\u00a0\u00a0\u00a0\u00a0 <b>2014. m\u00e1rcius 28<\/b>-\u00e1n megrendez\u00e9sre ker\u00fcl\u0151<\/p>\n<p align=\"left\">\n<p align=\"center\"><b>\u00a08. Novoszel Tibor Eml\u00e9knapra<\/b><b><\/b><\/p>\n<p align=\"center\"><b>\u00a0<\/b><\/p>\n<p><b>TUDOM\u00c1NYOS PROGRAM: <\/b><\/p>\n<p><b>\u00a0<\/b><\/p>\n<p><b>Seg\u00e9deszk\u00f6z ell\u00e1t\u00e1s, kerekessz\u00e9kek.<\/b><\/p>\n<p><b>\u00a0<\/b><b>A gerincvel\u0151s\u00e9r\u00fcl\u00e9s az egyik legs\u00falyosabb s\u00e9r\u00fcl\u00e9s, ami kihat az emberi szervezet \u00f6sszes szervrendszer\u00e9nek m\u0171k\u00f6d\u00e9s\u00e9re. M\u00e9gis, amikor a gerincvel\u0151s\u00e9r\u00fcl\u00e9sre gondolunk, el\u0151sz\u00f6r a kerekessz\u00e9k jut az esz\u00fcnkbe. A mozg\u00e1ss\u00e9r\u00fcltek piktogramj\u00e1n is ez az eszk\u00f6z szerepel.<\/b><\/p>\n<p><b>Mit jelent az a fogalom, hogy kerekessz\u00e9k? <\/b><\/p>\n<p><b>Hogyan kell kin\u00e9znie egy kerekessz\u00e9knek? Milyen szempontok szerint v\u00e1logassunk (ha egy\u00e1ltal\u00e1n van erre lehet\u0151s\u00e9g\u00fcnk)? Hogyan \u00e9s milyen felk\u00e9sz\u00edt\u00e9s ut\u00e1n \u00e9rdemes haszn\u00e1lni a kerekessz\u00e9ket? Egy\u00e1ltal\u00e1n mibe ker\u00fcl a gerincvel\u0151s\u00e9r\u00fcltek seg\u00e9deszk\u00f6z ell\u00e1t\u00e1sa? Milyen ir\u00e1ny\u00fa kutat\u00e1sok zajlanak a vil\u00e1gban?<\/b><\/p>\n<p><b>Ezen k\u00e9rd\u00e9sekkel foglalkozva szeretn\u00e9nk hozz\u00e1j\u00e1rulni a gerincvel\u0151s\u00e9r\u00fcltek ell\u00e1t\u00e1s\u00e1nak k\u00f6z\u00f6s siker\u00e9hez.<\/b><b><\/b><\/p>\n<p><b>\u00a0<\/b><b>10.30\u00a0\u00a0 Tudom\u00e1nyos program <\/b>(OORI, K\u00e1polna)<\/p>\n<p>&nbsp;<\/p>\n<p><b>Kullmann Lajos:<\/b> A seg\u00e9deszk\u00f6z ell\u00e1t\u00e1s rendszer szeml\u00e9lete <b><\/b><\/p>\n<p><b>Mezei Zolt\u00e1n<\/b>: Kerekessz\u00e9k lehet\u0151s\u00e9gek gerincvel\u0151s\u00e9r\u00fclt emberek sz\u00e1m\u00e1ra (kitekint\u00e9s a vil\u00e1gba)<\/p>\n<p><b>Havlikn\u00e9 G. Iwona<\/b>: Gerincvel\u0151s\u00e9r\u00fcltek technikai felk\u00e9sz\u00edt\u00e9se a sz\u00e1mukra kiv\u00e1lasztott kerekessz\u00e9k haszn\u00e1latra (szem\u00e9lyre szabott technikai \u00e9s fizikai felk\u00e9sz\u00edt\u00e9s)<\/p>\n<p><b>Dank\u00f3 D\u00e1vid<\/b>: Seg\u00e9deszk\u00f6z\u00f6k finansz\u00edroz\u00e1sa (sz\u00fcks\u00e9gletek, lehet\u0151s\u00e9gek, mai helyzet)<\/p>\n<p><b>Laczk\u00f3 J\u00f3zsef<\/b>: Kutat\u00e1sok, kutat\u00e1si ir\u00e1nyok gerincvel\u0151s\u00e9r\u00fcltek seg\u00e9deszk\u00f6zeinek fejleszt\u00e9s\u00e9ben<\/p>\n<p><b>14.00\u00a0\u00a0 Betegtal\u00e1lkoz\u00f3\u00a0 <\/b>(OORI aula)<\/p>\n<p>&nbsp;<\/p>\n<p align=\"left\">\u00a0\u00a0\u00a0\u00a0\u00a0\u00a0\u00a0\u00a0\u00a0\u00a0\u00a0\u00a0\u00a0\u00a0\u00a0\u00a0\u00a0\u00a0\u00a0\u00a0\u00a0\u00a0\u00a0\u00a0\u00a0\u00a0\u00a0\u00a0\u00a0\u00a0\u00a0 \u00a0\u00a0\u00a0\u00a0\u00a0\u00a0\u00a0\u00a0\u00a0\u00a0\u00a0\u00a0\u00a0\u00a0\u00a0\u00a0\u00a0\u00a0\u00a0\u00a0\u00a0\u00a0\u00a0\u00a0\u00a0\u00a0\u00a0\u00a0Orsz\u00e1gos Orvosi Rehabilit\u00e1ci\u00f3s Int\u00e9zet nev\u00e9ben<\/p>\n<p align=\"left\">\u00a0\u00a0\u00a0\u00a0\u00a0\u00a0\u00a0\u00a0\u00a0\u00a0\u00a0\u00a0\u00a0\u00a0\u00a0\u00a0\u00a0\u00a0\u00a0\u00a0\u00a0\u00a0\u00a0\u00a0\u00a0\u00a0\u00a0\u00a0 \u00a0\u00a0\u00a0\u00a0\u00a0\u00a0\u00a0\u00a0\u00a0\u00a0\u00a0\u00a0\u00a0\u00a0\u00a0\u00a0\u00a0\u00a0\u00a0\u00a0\u00a0\u00a0\u00a0\u00a0\u00a0\u00a0\u00a0\u00a0\u00a0\u00a0\u00a0\u00a0\u00a0\u00a0\u00a0Gerincvel\u0151s\u00e9r\u00fcltek Rehabilit\u00e1ci\u00f3s Oszt\u00e1lya<\/p>\n","protected":false},"excerpt":{"rendered":"<p>MEGH\u00cdV\u00d3 Az OORI Gerincvel\u0151s\u00e9r\u00fcltek Rehabilit\u00e1ci\u00f3s Oszt\u00e1lya \u00e9s a NEKO Magyar Gerinc Alap\u00edtv\u00e1ny nev\u00e9ben szeretettel megh\u00edvunk minden kedves \u00e9rdekl\u0151d\u0151t a \u00a0\u00a0\u00a0\u00a0\u00a0\u00a0\u00a0\u00a0\u00a0\u00a0\u00a0\u00a0\u00a0\u00a0\u00a0\u00a0\u00a0\u00a0\u00a0\u00a0 2014. m\u00e1rcius 28-\u00e1n megrendez\u00e9sre ker\u00fcl\u0151 \u00a08. Novoszel Tibor Eml\u00e9knapra \u00a0 TUDOM\u00c1NYOS PROGRAM: \u00a0 Seg\u00e9deszk\u00f6z ell\u00e1t\u00e1s, kerekessz\u00e9kek. \u00a0A gerincvel\u0151s\u00e9r\u00fcl\u00e9s az egyik legs\u00falyosabb s\u00e9r\u00fcl\u00e9s, ami kihat az emberi szervezet \u00f6sszes szervrendszer\u00e9nek m\u0171k\u00f6d\u00e9s\u00e9re. M\u00e9gis, amikor a gerincvel\u0151s\u00e9r\u00fcl\u00e9sre gondolunk, &hellip;<\/p>\n","protected":false},"author":299,"featured_media":0,"comment_status":"closed","ping_status":"closed","sticky":false,"template":"","format":"standard","meta":{"_acf_changed":false,"footnotes":""},"categories":[5],"tags":[],"class_list":["post-160","post","type-post","status-publish","format-standard","hentry","category-referalo-ulesek"],"acf":[],"_links":{"self":[{"href":"https:\/\/semmelweis.hu\/rehab\/wp-json\/wp\/v2\/posts\/160","targetHints":{"allow":["GET"]}}],"collection":[{"href":"https:\/\/semmelweis.hu\/rehab\/wp-json\/wp\/v2\/posts"}],"about":[{"href":"https:\/\/semmelweis.hu\/rehab\/wp-json\/wp\/v2\/types\/post"}],"author":[{"embeddable":true,"href":"https:\/\/semmelweis.hu\/rehab\/wp-json\/wp\/v2\/users\/299"}],"replies":[{"embeddable":true,"href":"https:\/\/semmelweis.hu\/rehab\/wp-json\/wp\/v2\/comments?post=160"}],"version-history":[{"count":3,"href":"https:\/\/semmelweis.hu\/rehab\/wp-json\/wp\/v2\/posts\/160\/revisions"}],"predecessor-version":[{"id":274,"href":"https:\/\/semmelweis.hu\/rehab\/wp-json\/wp\/v2\/posts\/160\/revisions\/274"}],"wp:attachment":[{"href":"https:\/\/semmelweis.hu\/rehab\/wp-json\/wp\/v2\/media?parent=160"}],"wp:term":[{"taxonomy":"category","embeddable":true,"href":"https:\/\/semmelweis.hu\/rehab\/wp-json\/wp\/v2\/categories?post=160"},{"taxonomy":"post_tag","embeddable":true,"href":"https:\/\/semmelweis.hu\/rehab\/wp-json\/wp\/v2\/tags?post=160"}],"curies":[{"name":"wp","href":"https:\/\/api.w.org\/{rel}","templated":true}]}}