{"id":158,"date":"2014-02-10T12:36:42","date_gmt":"2014-02-10T11:36:42","guid":{"rendered":"http:\/\/semmelweis.hu\/rehab\/?page_id=158"},"modified":"2019-09-03T15:16:09","modified_gmt":"2019-09-03T13:16:09","slug":"2014-februari-program","status":"publish","type":"post","link":"https:\/\/semmelweis.hu\/rehab\/2014\/02\/10\/2014-februari-program\/","title":{"rendered":"2014. febru\u00e1ri program"},"content":{"rendered":"<p align=\"center\"><b>Refer\u00e1l\u00f3- tudom\u00e1nyos \u00fcl\u00e9s program<\/b><\/p>\n<p align=\"center\"><b>2014. febru\u00e1r<\/b><\/p>\n<p>&nbsp;<\/p>\n<p><b>2014. febru\u00e1r 4.<\/b><\/p>\n<p><b>\u00dcl\u00e9seln\u00f6k:<\/b> <b>Dr. Papp Edit <\/b><\/p>\n<p><b>\u00a0<\/b><\/p>\n<ol>\n<li>Dr. R\u00e1tvai Edina f\u0151orvos (Honv\u00e9d Kh. EK Mozg\u00e1sszervi Rehabilit\u00e1ci\u00f3):<br \/>\nA 2-es t\u00edpus\u00fa diabetes mellitus korszer\u0171 kezel\u00e9se.<\/li>\n<li>Dr. B\u00f6r\u00f6cz Zolt\u00e1n egyetemi adjunktus (SE III. Belgy\u00f3gy\u00e1szati Klinika, Endokrinol\u00f3giai oszt\u00e1ly): \u00c9rrendszeri kock\u00e1zat hat\u00e9kony cs\u00f6kkent\u00e9se &#8211; \u00fajdons\u00e1gok.<\/li>\n<li>Dr. Papp Edit: Besz\u00e1mol\u00f3 az \u201e\u00daj or\u00e1lis antikoagul\u00e1nsok: Az elm\u00e9lett\u0151l a gyakorlatig\u201d c\u00edm\u0171 rendezv\u00e9nyr\u0151l.<\/li>\n<li>MSD \u00e1ltal biztos\u00edtott b\u00fcf\u00e9<\/li>\n<\/ol>\n<p>&nbsp;<\/p>\n<p>&nbsp;<\/p>\n<p><b>2014. febru\u00e1r 18.<\/b><\/p>\n<p><b>\u00dcl\u00e9seln\u00f6k: Dr. D\u00e9nes Zolt\u00e1n f\u0151orvos<\/b><\/p>\n<p><b>Int\u00e9zeti tudom\u00e1nyos &#8211; oktat\u00f3i tev\u00e9kenys\u00e9g \u00e9ves besz\u00e1mol\u00f3ja<\/b><\/p>\n<p><b>\u00a0<\/b><\/p>\n<ol>\n<li>Dr. D\u00e9nes Zolt\u00e1n, T\u00e1pay Gabriella, Grimmn\u00e9 \u00c1cs Ildik\u00f3: OORI tudom\u00e1nyos \u00e9let, oktat\u00e1s 2013<\/li>\n<li>\u00d6ry Csilla: A szakdolgoz\u00f3i oktat\u00e1si \u00e9s tudom\u00e1nyos tev\u00e9kenys\u00e9g 2013 \u00e9vben<\/li>\n<li>Dr. Cserh\u00e1ti P\u00e9ter: az OORI szakmai, tudom\u00e1nyos, oktat\u00e1si perspekt\u00edv\u00e1i 2014-t\u0151l<\/li>\n<\/ol>\n<p>&nbsp;<\/p>\n","protected":false},"excerpt":{"rendered":"<p>Refer\u00e1l\u00f3- tudom\u00e1nyos \u00fcl\u00e9s program 2014. febru\u00e1r &nbsp; 2014. febru\u00e1r 4. \u00dcl\u00e9seln\u00f6k: Dr. Papp Edit \u00a0 Dr. R\u00e1tvai Edina f\u0151orvos (Honv\u00e9d Kh. EK Mozg\u00e1sszervi Rehabilit\u00e1ci\u00f3): A 2-es t\u00edpus\u00fa diabetes mellitus korszer\u0171 kezel\u00e9se. Dr. B\u00f6r\u00f6cz Zolt\u00e1n egyetemi adjunktus (SE III. Belgy\u00f3gy\u00e1szati Klinika, Endokrinol\u00f3giai oszt\u00e1ly): \u00c9rrendszeri kock\u00e1zat hat\u00e9kony cs\u00f6kkent\u00e9se &#8211; \u00fajdons\u00e1gok. Dr. Papp Edit: Besz\u00e1mol\u00f3 az \u201e\u00daj or\u00e1lis &hellip;<\/p>\n","protected":false},"author":299,"featured_media":0,"comment_status":"closed","ping_status":"closed","sticky":false,"template":"","format":"standard","meta":{"_acf_changed":false,"footnotes":""},"categories":[5],"tags":[],"class_list":["post-158","post","type-post","status-publish","format-standard","hentry","category-referalo-ulesek"],"acf":[],"_links":{"self":[{"href":"https:\/\/semmelweis.hu\/rehab\/wp-json\/wp\/v2\/posts\/158","targetHints":{"allow":["GET"]}}],"collection":[{"href":"https:\/\/semmelweis.hu\/rehab\/wp-json\/wp\/v2\/posts"}],"about":[{"href":"https:\/\/semmelweis.hu\/rehab\/wp-json\/wp\/v2\/types\/post"}],"author":[{"embeddable":true,"href":"https:\/\/semmelweis.hu\/rehab\/wp-json\/wp\/v2\/users\/299"}],"replies":[{"embeddable":true,"href":"https:\/\/semmelweis.hu\/rehab\/wp-json\/wp\/v2\/comments?post=158"}],"version-history":[{"count":1,"href":"https:\/\/semmelweis.hu\/rehab\/wp-json\/wp\/v2\/posts\/158\/revisions"}],"predecessor-version":[{"id":159,"href":"https:\/\/semmelweis.hu\/rehab\/wp-json\/wp\/v2\/posts\/158\/revisions\/159"}],"wp:attachment":[{"href":"https:\/\/semmelweis.hu\/rehab\/wp-json\/wp\/v2\/media?parent=158"}],"wp:term":[{"taxonomy":"category","embeddable":true,"href":"https:\/\/semmelweis.hu\/rehab\/wp-json\/wp\/v2\/categories?post=158"},{"taxonomy":"post_tag","embeddable":true,"href":"https:\/\/semmelweis.hu\/rehab\/wp-json\/wp\/v2\/tags?post=158"}],"curies":[{"name":"wp","href":"https:\/\/api.w.org\/{rel}","templated":true}]}}