{"id":156,"date":"2014-02-10T12:35:36","date_gmt":"2014-02-10T11:35:36","guid":{"rendered":"http:\/\/semmelweis.hu\/rehab\/?page_id=156"},"modified":"2019-09-03T15:16:09","modified_gmt":"2019-09-03T13:16:09","slug":"2014-januari-program","status":"publish","type":"post","link":"https:\/\/semmelweis.hu\/rehab\/2014\/02\/10\/2014-januari-program\/","title":{"rendered":"2014. janu\u00e1ri program"},"content":{"rendered":"<p align=\"center\"><b>Refer\u00e1l\u00f3- tudom\u00e1nyos \u00fcl\u00e9s program<\/b><\/p>\n<p align=\"center\"><b>2014. janu\u00e1r<\/b><\/p>\n<p><b>\u00a0<\/b><\/p>\n<p><b>2014. janu\u00e1r 21.<\/b><\/p>\n<p><b>\u00dcl\u00e9seln\u00f6k:<\/b> <b>Dr. Farkas P\u00e9ter\u00a0f\u0151orvos <\/b><\/p>\n<p><b>\u00a0<\/b><\/p>\n<ol>\n<li>Dr. Farkas P\u00e9ter, Dr. D\u00e9nes Zolt\u00e1n: Az infekci\u00f3kontroll tev\u00e9kenys\u00e9g 2013. \u00e9vi eredm\u00e9nyei az OORI-ban<\/li>\n<li>Dr. Klauber Andr\u00e1s, Dr. Putz Mikl\u00f3s, Dr. Szab\u00f3 Eleon\u00f3ra, T\u00f6r\u00f6k \u00c9va:<b>\u00a0 <\/b>Gondolatok int\u00e9zet\u00fcnkben 2012 \u2013 2013 els\u0151 f\u00e9l\u00e9vben v\u00e9gzett vizeletteny\u00e9szt\u00e9si vizsg\u00e1latok eredm\u00e9nyei kapcs\u00e1n<\/li>\n<li>Nagy B\u00e9la, Dr. Farkas P\u00e9ter: \u00d6sszefoglal\u00f3 az OORI 2013.\u00e9vi k\u00f3rh\u00e1zhigi\u00e9n\u00e9s jelent\u00e9s\u00e9b\u0151l, fert\u0151z\u00e9sek el\u0151fordul\u00e1si ar\u00e1nya, k\u00f6vetkeztet\u00e9sek, javaslatok.<\/li>\n<li>Dr. Farkas P\u00e9ter: OORI Antimikr\u00f3b\u00e1s Protokoll (\u201eRAP\u201d) rev\u00edzi\u00f3ja<\/li>\n<li>Hal\u00e1loz\u00e1si audit<\/li>\n<\/ol>\n<p>&nbsp;<\/p>\n<p>&nbsp;<\/p>\n<p>&nbsp;<\/p>\n","protected":false},"excerpt":{"rendered":"<p>Refer\u00e1l\u00f3- tudom\u00e1nyos \u00fcl\u00e9s program 2014. janu\u00e1r \u00a0 2014. janu\u00e1r 21. \u00dcl\u00e9seln\u00f6k: Dr. Farkas P\u00e9ter\u00a0f\u0151orvos \u00a0 Dr. Farkas P\u00e9ter, Dr. D\u00e9nes Zolt\u00e1n: Az infekci\u00f3kontroll tev\u00e9kenys\u00e9g 2013. \u00e9vi eredm\u00e9nyei az OORI-ban Dr. Klauber Andr\u00e1s, Dr. Putz Mikl\u00f3s, Dr. Szab\u00f3 Eleon\u00f3ra, T\u00f6r\u00f6k \u00c9va:\u00a0 Gondolatok int\u00e9zet\u00fcnkben 2012 \u2013 2013 els\u0151 f\u00e9l\u00e9vben v\u00e9gzett vizeletteny\u00e9szt\u00e9si vizsg\u00e1latok eredm\u00e9nyei kapcs\u00e1n Nagy B\u00e9la, Dr. &hellip;<\/p>\n","protected":false},"author":299,"featured_media":0,"comment_status":"closed","ping_status":"closed","sticky":false,"template":"","format":"standard","meta":{"_acf_changed":false,"footnotes":""},"categories":[5],"tags":[],"class_list":["post-156","post","type-post","status-publish","format-standard","hentry","category-referalo-ulesek"],"acf":[],"_links":{"self":[{"href":"https:\/\/semmelweis.hu\/rehab\/wp-json\/wp\/v2\/posts\/156","targetHints":{"allow":["GET"]}}],"collection":[{"href":"https:\/\/semmelweis.hu\/rehab\/wp-json\/wp\/v2\/posts"}],"about":[{"href":"https:\/\/semmelweis.hu\/rehab\/wp-json\/wp\/v2\/types\/post"}],"author":[{"embeddable":true,"href":"https:\/\/semmelweis.hu\/rehab\/wp-json\/wp\/v2\/users\/299"}],"replies":[{"embeddable":true,"href":"https:\/\/semmelweis.hu\/rehab\/wp-json\/wp\/v2\/comments?post=156"}],"version-history":[{"count":1,"href":"https:\/\/semmelweis.hu\/rehab\/wp-json\/wp\/v2\/posts\/156\/revisions"}],"predecessor-version":[{"id":157,"href":"https:\/\/semmelweis.hu\/rehab\/wp-json\/wp\/v2\/posts\/156\/revisions\/157"}],"wp:attachment":[{"href":"https:\/\/semmelweis.hu\/rehab\/wp-json\/wp\/v2\/media?parent=156"}],"wp:term":[{"taxonomy":"category","embeddable":true,"href":"https:\/\/semmelweis.hu\/rehab\/wp-json\/wp\/v2\/categories?post=156"},{"taxonomy":"post_tag","embeddable":true,"href":"https:\/\/semmelweis.hu\/rehab\/wp-json\/wp\/v2\/tags?post=156"}],"curies":[{"name":"wp","href":"https:\/\/api.w.org\/{rel}","templated":true}]}}