{"id":154,"date":"2014-02-10T12:33:57","date_gmt":"2014-02-10T11:33:57","guid":{"rendered":"http:\/\/semmelweis.hu\/rehab\/?page_id=154"},"modified":"2019-09-03T15:16:09","modified_gmt":"2019-09-03T13:16:09","slug":"2014-i-felevre-tervezett-program","status":"publish","type":"post","link":"https:\/\/semmelweis.hu\/rehab\/2014\/02\/10\/2014-i-felevre-tervezett-program\/","title":{"rendered":"2014. I. f\u00e9l\u00e9vre tervezett program"},"content":{"rendered":"<p align=\"center\"><b>ORSZ\u00c1GOS ORVOSI REHABILIT\u00c1CI\u00d3S INT\u00c9ZET<\/b><\/p>\n<p align=\"center\"><b>2014. els\u0151 f\u00e9l\u00e9vre tervezett tudom\u00e1nyos refer\u00e1l\u00f3 \u00fcl\u00e9sek beoszt\u00e1sa<\/b><\/p>\n<p>&nbsp;<\/p>\n<table border=\"1\" width=\"648\" cellspacing=\"0\" cellpadding=\"0\">\n<tbody>\n<tr>\n<td valign=\"top\" width=\"100\">\n<p align=\"center\"><b>ID\u0150PONT<\/b><\/p>\n<\/td>\n<td valign=\"top\" width=\"217\">\n<p align=\"center\"><b>T\u00c9MA<\/b><\/p>\n<\/td>\n<td valign=\"top\" width=\"161\">\n<p align=\"center\"><b>\u00dcL\u00c9SELN\u00d6K<\/b><\/p>\n<\/td>\n<td valign=\"top\" width=\"170\">\n<p align=\"center\"><b>MEGJEGYZ\u00c9S<\/b><\/p>\n<p align=\"center\"><b>\u00a0<\/b><\/p>\n<\/td>\n<\/tr>\n<tr>\n<td valign=\"top\" width=\"100\">Janu\u00e1r 21.&nbsp;<\/td>\n<td valign=\"top\" width=\"217\">Infekci\u00f3kontroll&nbsp;<\/td>\n<td valign=\"top\" width=\"161\">Dr. Farkas P\u00e9ter<\/td>\n<td valign=\"top\" width=\"170\">Hal\u00e1loz\u00e1si audit<\/td>\n<\/tr>\n<tr>\n<td valign=\"top\" width=\"100\">Febru\u00e1r 4.<\/td>\n<td valign=\"top\" width=\"217\">Belgy\u00f3gy\u00e1szat<\/td>\n<td valign=\"top\" width=\"161\">Dr. Papp Edit<\/td>\n<td valign=\"top\" width=\"170\"><\/td>\n<\/tr>\n<tr>\n<td valign=\"top\" width=\"100\">Febru\u00e1r 18.<\/td>\n<td valign=\"top\" width=\"217\">Int\u00e9zeti tudom\u00e1nyos &#8211; oktat\u00f3i tev\u00e9kenys\u00e9g \u00e9ves besz\u00e1mol\u00f3ja&nbsp;<\/td>\n<td valign=\"top\" width=\"161\">Dr. D\u00e9nes Zolt\u00e1n<\/td>\n<td valign=\"top\" width=\"170\"><\/td>\n<\/tr>\n<tr>\n<td valign=\"top\" width=\"100\">M\u00e1rcius 4.&nbsp;<\/td>\n<td valign=\"top\" width=\"217\">Betegbiztons\u00e1g nap&nbsp;<\/p>\n<p>&nbsp;<\/td>\n<td valign=\"top\" width=\"161\">Dr. Boros Erzs\u00e9bet<\/td>\n<td valign=\"top\" width=\"170\">Hal\u00e1loz\u00e1si audit<\/td>\n<\/tr>\n<tr>\n<td valign=\"top\" width=\"100\">M\u00e1rcius 18.&nbsp;<\/td>\n<td valign=\"top\" width=\"217\">A kibontakoz\u00f3 feln\u0151ttkor problematik\u00e1ja a t\u00fcnd\u00e9rhegyi borderline p\u00e1ciensek kezel\u00e9s\u00e9ben.<\/td>\n<td valign=\"top\" width=\"161\">Dr. Harmatta J\u00e1nos&nbsp;<\/p>\n<p>&nbsp;<\/td>\n<td valign=\"top\" width=\"170\"><\/td>\n<\/tr>\n<tr>\n<td valign=\"top\" width=\"100\">M\u00e1rcius 28. (p\u00e9ntek)<\/td>\n<td valign=\"top\" width=\"217\">Novoszel Eml\u00e9knap&nbsp;<\/p>\n<p>&nbsp;<\/td>\n<td valign=\"top\" width=\"161\">Dr. Klauber Andr\u00e1s(Saj\u00e1t szervez\u00e9s)<\/td>\n<td valign=\"top\" width=\"170\"><\/td>\n<\/tr>\n<tr>\n<td valign=\"top\" width=\"100\">\u00c1prilis 1.&nbsp;<\/td>\n<td valign=\"top\" width=\"217\">Eg\u00e9szs\u00e9ges \u00e9letm\u00f3d&nbsp;<\/p>\n<p>&nbsp;<\/td>\n<td valign=\"top\" width=\"161\">Dr. Sz\u00e9l Istv\u00e1n<\/td>\n<td valign=\"top\" width=\"170\"><\/td>\n<\/tr>\n<tr>\n<td valign=\"top\" width=\"100\">\u00c1prilis 15.&nbsp;<\/td>\n<td valign=\"top\" width=\"217\">Audit nap<\/td>\n<td valign=\"top\" width=\"161\">Dr. Boros Erzs\u00e9bet<\/td>\n<td valign=\"top\" width=\"170\">K\u00f3rlap, \u00e1thelyez\u00e9si, gy\u00f3gyszer, hal\u00e1loz\u00e1si audit<\/td>\n<\/tr>\n<tr>\n<td valign=\"top\" width=\"100\">M\u00e1jus 6.&nbsp;<\/td>\n<td valign=\"top\" width=\"217\">Ortop\u00e9diai Oszt\u00e1ly munk\u00e1ja<\/td>\n<td valign=\"top\" width=\"161\">Dr. Kov\u00e1cs Magdolna<\/td>\n<td valign=\"top\" width=\"170\">Esetismertet\u00e9s,<br \/>\n\u00faj m\u0171t\u00e9tek, stb.<\/td>\n<\/tr>\n<tr>\n<td valign=\"top\" width=\"100\">M\u00e1jus 20.&nbsp;<\/td>\n<td valign=\"top\" width=\"217\">Amput\u00e1ci\u00f3s Seb\u00e9szeti Oszt\u00e1ly \u00e9s Szeptikus Seb\u00e9szeti Rehab. Oszt\u00e1ly egy\u00fcttm\u0171k\u00f6d\u00e9se<\/td>\n<td valign=\"top\" width=\"161\">Dr. Rembeczki L\u00e1szl\u00f3<\/td>\n<td valign=\"top\" width=\"170\">K\u00fcls\u0151s el\u0151ad\u00f3<br \/>\nFIFO ea. bemutat\u00e1sa<\/td>\n<\/tr>\n<tr>\n<td valign=\"top\" width=\"100\">M\u00e1jus 27.<\/td>\n<td valign=\"top\" width=\"217\">\u201eStresszkezel\u0151\u201d oktat\u00f3 kurzus<\/td>\n<td valign=\"top\" width=\"161\">Dr. Horv\u00e1th Kl\u00e1ra<\/td>\n<td valign=\"top\" width=\"170\">Megh\u00edvott el\u0151ad\u00f3: Stauder Adrienne<\/td>\n<\/tr>\n<tr>\n<td valign=\"top\" width=\"100\">J\u00fanius 3.&nbsp;<\/p>\n<p>&nbsp;<\/td>\n<td valign=\"top\" width=\"217\">Korai Rehab. Oszt\u00e1lyok tev\u00e9kenys\u00e9ge<\/td>\n<td valign=\"top\" width=\"161\">Dr. Klauber Andr\u00e1s<\/td>\n<td valign=\"top\" width=\"170\"><\/td>\n<\/tr>\n<tr>\n<td valign=\"top\" width=\"100\">J\u00fanius 17.&nbsp;<\/p>\n<p>&nbsp;<\/td>\n<td valign=\"top\" width=\"217\">Kutat\u00e1si nap<\/td>\n<td valign=\"top\" width=\"161\">Dr. Fazekas G\u00e1bor<\/td>\n<td valign=\"top\" width=\"170\">Hal\u00e1loz\u00e1si audit<\/td>\n<\/tr>\n<\/tbody>\n<\/table>\n","protected":false},"excerpt":{"rendered":"<p>ORSZ\u00c1GOS ORVOSI REHABILIT\u00c1CI\u00d3S INT\u00c9ZET 2014. els\u0151 f\u00e9l\u00e9vre tervezett tudom\u00e1nyos refer\u00e1l\u00f3 \u00fcl\u00e9sek beoszt\u00e1sa &nbsp; ID\u0150PONT T\u00c9MA \u00dcL\u00c9SELN\u00d6K MEGJEGYZ\u00c9S \u00a0 Janu\u00e1r 21.&nbsp; Infekci\u00f3kontroll&nbsp; Dr. Farkas P\u00e9ter Hal\u00e1loz\u00e1si audit Febru\u00e1r 4. Belgy\u00f3gy\u00e1szat Dr. Papp Edit Febru\u00e1r 18. Int\u00e9zeti tudom\u00e1nyos &#8211; oktat\u00f3i tev\u00e9kenys\u00e9g \u00e9ves besz\u00e1mol\u00f3ja&nbsp; Dr. D\u00e9nes Zolt\u00e1n M\u00e1rcius 4.&nbsp; Betegbiztons\u00e1g nap&nbsp; &nbsp; Dr. Boros Erzs\u00e9bet Hal\u00e1loz\u00e1si audit M\u00e1rcius &hellip;<\/p>\n","protected":false},"author":299,"featured_media":0,"comment_status":"closed","ping_status":"closed","sticky":false,"template":"","format":"standard","meta":{"_acf_changed":false,"footnotes":""},"categories":[5],"tags":[],"class_list":["post-154","post","type-post","status-publish","format-standard","hentry","category-referalo-ulesek"],"acf":[],"_links":{"self":[{"href":"https:\/\/semmelweis.hu\/rehab\/wp-json\/wp\/v2\/posts\/154","targetHints":{"allow":["GET"]}}],"collection":[{"href":"https:\/\/semmelweis.hu\/rehab\/wp-json\/wp\/v2\/posts"}],"about":[{"href":"https:\/\/semmelweis.hu\/rehab\/wp-json\/wp\/v2\/types\/post"}],"author":[{"embeddable":true,"href":"https:\/\/semmelweis.hu\/rehab\/wp-json\/wp\/v2\/users\/299"}],"replies":[{"embeddable":true,"href":"https:\/\/semmelweis.hu\/rehab\/wp-json\/wp\/v2\/comments?post=154"}],"version-history":[{"count":2,"href":"https:\/\/semmelweis.hu\/rehab\/wp-json\/wp\/v2\/posts\/154\/revisions"}],"predecessor-version":[{"id":272,"href":"https:\/\/semmelweis.hu\/rehab\/wp-json\/wp\/v2\/posts\/154\/revisions\/272"}],"wp:attachment":[{"href":"https:\/\/semmelweis.hu\/rehab\/wp-json\/wp\/v2\/media?parent=154"}],"wp:term":[{"taxonomy":"category","embeddable":true,"href":"https:\/\/semmelweis.hu\/rehab\/wp-json\/wp\/v2\/categories?post=154"},{"taxonomy":"post_tag","embeddable":true,"href":"https:\/\/semmelweis.hu\/rehab\/wp-json\/wp\/v2\/tags?post=154"}],"curies":[{"name":"wp","href":"https:\/\/api.w.org\/{rel}","templated":true}]}}