{"id":2633,"date":"2026-04-26T17:57:22","date_gmt":"2026-04-26T15:57:22","guid":{"rendered":"https:\/\/semmelweis.hu\/raoulwallenberg\/?p=2633"},"modified":"2026-04-26T17:57:22","modified_gmt":"2026-04-26T15:57:22","slug":"ultrabalaton-2026","status":"publish","type":"post","link":"https:\/\/semmelweis.hu\/raoulwallenberg\/2026\/04\/26\/ultrabalaton-2026\/","title":{"rendered":"Ultrabalaton 2026."},"content":{"rendered":"<div dir=\"auto\" style=\"text-align: justify\" data-olk-copy-source=\"MessageBody\">2026-ban imm\u00e1r 20. alkalommal rajtolt el Magyarorsz\u00e1g egyik legn\u00e9pszer\u0171bb k\u00f6z\u00f6ss\u00e9gi sportesem\u00e9nye, az NN Ultrabalaton, amelyen id\u00e9n m\u00e1sodik alkalommal volt lehet\u0151s\u00e9g\u00fcnk r\u00e9szt venni.<\/div>\n<div dir=\"auto\" style=\"text-align: justify\">A Balatont megker\u00fcl\u0151, egyk\u00f6r\u00f6s verseny \u2013 amely egyben K\u00f6z\u00e9p-Eur\u00f3pa leghosszabb fut\u00f3esem\u00e9nye is \u2013 2026. \u00e1prilis 23\u201326. k\u00f6z\u00f6tt ker\u00fclt megrendez\u00e9sre Balatonf\u00fcreden.<\/div>\n<div dir=\"auto\">\n<div dir=\"auto\" style=\"text-align: justify\" data-olk-copy-source=\"MessageBody\">A Semmelweis Egyetem felk\u00e9r\u00e9s\u00e9re int\u00e9zm\u00e9ny\u00fcnket n\u00e9gy, feln\u0151ttk\u00e9pz\u00e9sben r\u00e9szt vev\u0151 gy\u00f3gymassz\u0151r tanul\u00f3 k\u00e9pviselte \u2013 Iv\u00e1n-Zsolnai Zsanett, Szalai Gy\u00f6rgyi, Antal Norbert Bendeg\u00faz \u00e9s Varga D\u00e1vid \u2013 Szarv\u00e1k Andr\u00e1s tan\u00e1r \u00far vezet\u00e9s\u00e9vel.<\/div>\n<div dir=\"auto\" style=\"text-align: justify\">Tanul\u00f3ink az Expo ter\u00fclet\u00e9n friss\u00edt\u0151 massz\u00e1zst biztos\u00edtottak a versenyz\u0151k sz\u00e1m\u00e1ra, a fut\u00f3sz\u00e1mok el\u0151tt \u00e9s ut\u00e1n egyar\u00e1nt, nagy megel\u00e9ged\u00e9st kiv\u00e1ltva. A rendezv\u00e9ny kiv\u00e1l\u00f3 szakmai tapasztalatszerz\u00e9si lehet\u0151s\u00e9get ny\u00fajtott sz\u00e1mukra, amely sor\u00e1n \u00e9rt\u00e9kes \u00e9lm\u00e9nyekkel \u00e9s gyakorlati tud\u00e1ssal gazdagodtak.<\/div>\n<div dir=\"auto\"><img loading=\"lazy\" decoding=\"async\" class=\"alignnone size-medium wp-image-2634\" src=\"https:\/\/semmelweis.hu\/raoulwallenberg\/files\/2026\/04\/Ultrabalaton-2026-400x300.jpg\" alt=\"\" width=\"400\" height=\"300\" srcset=\"https:\/\/semmelweis.hu\/raoulwallenberg\/files\/2026\/04\/Ultrabalaton-2026-400x300.jpg 400w, https:\/\/semmelweis.hu\/raoulwallenberg\/files\/2026\/04\/Ultrabalaton-2026-1024x768.jpg 1024w, https:\/\/semmelweis.hu\/raoulwallenberg\/files\/2026\/04\/Ultrabalaton-2026-768x576.jpg 768w, https:\/\/semmelweis.hu\/raoulwallenberg\/files\/2026\/04\/Ultrabalaton-2026-1536x1152.jpg 1536w, https:\/\/semmelweis.hu\/raoulwallenberg\/files\/2026\/04\/Ultrabalaton-2026-753x565.jpg 753w, https:\/\/semmelweis.hu\/raoulwallenberg\/files\/2026\/04\/Ultrabalaton-2026.jpg 2048w\" sizes=\"auto, (max-width: 400px) 100vw, 400px\" \/><\/div>\n<\/div>\n","protected":false},"excerpt":{"rendered":"<p>2026-ban imm\u00e1r 20. alkalommal rajtolt el Magyarorsz\u00e1g egyik legn\u00e9pszer\u0171bb k\u00f6z\u00f6ss\u00e9gi sportesem\u00e9nye, az NN Ultrabalaton, amelyen id\u00e9n m\u00e1sodik alkalommal volt lehet\u0151s\u00e9g\u00fcnk r\u00e9szt venni. A Balatont megker\u00fcl\u0151, egyk\u00f6r\u00f6s verseny \u2013 amely egyben K\u00f6z\u00e9p-Eur\u00f3pa leghosszabb fut\u00f3esem\u00e9nye is \u2013 2026. \u00e1prilis 23\u201326. k\u00f6z\u00f6tt ker\u00fclt megrendez\u00e9sre Balatonf\u00fcreden. A Semmelweis Egyetem felk\u00e9r\u00e9s\u00e9re int\u00e9zm\u00e9ny\u00fcnket n\u00e9gy, feln\u0151ttk\u00e9pz\u00e9sben r\u00e9szt vev\u0151 gy\u00f3gymassz\u0151r tanul\u00f3 k\u00e9pviselte \u2013 &hellip;<\/p>\n","protected":false},"author":101877,"featured_media":2635,"comment_status":"closed","ping_status":"closed","sticky":false,"template":"","format":"standard","meta":{"_acf_changed":false,"footnotes":""},"categories":[1],"tags":[],"class_list":["post-2633","post","type-post","status-publish","format-standard","has-post-thumbnail","hentry","category-hirek"],"acf":[],"_links":{"self":[{"href":"https:\/\/semmelweis.hu\/raoulwallenberg\/wp-json\/wp\/v2\/posts\/2633","targetHints":{"allow":["GET"]}}],"collection":[{"href":"https:\/\/semmelweis.hu\/raoulwallenberg\/wp-json\/wp\/v2\/posts"}],"about":[{"href":"https:\/\/semmelweis.hu\/raoulwallenberg\/wp-json\/wp\/v2\/types\/post"}],"author":[{"embeddable":true,"href":"https:\/\/semmelweis.hu\/raoulwallenberg\/wp-json\/wp\/v2\/users\/101877"}],"replies":[{"embeddable":true,"href":"https:\/\/semmelweis.hu\/raoulwallenberg\/wp-json\/wp\/v2\/comments?post=2633"}],"version-history":[{"count":1,"href":"https:\/\/semmelweis.hu\/raoulwallenberg\/wp-json\/wp\/v2\/posts\/2633\/revisions"}],"predecessor-version":[{"id":2636,"href":"https:\/\/semmelweis.hu\/raoulwallenberg\/wp-json\/wp\/v2\/posts\/2633\/revisions\/2636"}],"wp:featuredmedia":[{"embeddable":true,"href":"https:\/\/semmelweis.hu\/raoulwallenberg\/wp-json\/wp\/v2\/media\/2635"}],"wp:attachment":[{"href":"https:\/\/semmelweis.hu\/raoulwallenberg\/wp-json\/wp\/v2\/media?parent=2633"}],"wp:term":[{"taxonomy":"category","embeddable":true,"href":"https:\/\/semmelweis.hu\/raoulwallenberg\/wp-json\/wp\/v2\/categories?post=2633"},{"taxonomy":"post_tag","embeddable":true,"href":"https:\/\/semmelweis.hu\/raoulwallenberg\/wp-json\/wp\/v2\/tags?post=2633"}],"curies":[{"name":"wp","href":"https:\/\/api.w.org\/{rel}","templated":true}]}}