{"id":1886,"date":"2024-01-24T11:12:53","date_gmt":"2024-01-24T10:12:53","guid":{"rendered":"https:\/\/semmelweis.hu\/raoulwallenberg\/?p=1886"},"modified":"2024-01-24T11:12:53","modified_gmt":"2024-01-24T10:12:53","slug":"erettsegi-jelentkezesi-informacio","status":"publish","type":"post","link":"https:\/\/semmelweis.hu\/raoulwallenberg\/2024\/01\/24\/erettsegi-jelentkezesi-informacio\/","title":{"rendered":"\u00c9RETTS\u00c9GI JELENTKEZ\u00c9SI INFORM\u00c1CI\u00d3"},"content":{"rendered":"<p style=\"text-align: justify\">\u00c9retts\u00e9gi vizsg\u00e1ra a tanul\u00f3i\/feln\u0151ttk\u00e9pz\u00e9si jogviszonnyal rendelkez\u0151 vizsg\u00e1z\u00f3k csak a \u201esaj\u00e1t&#8221; k\u00f6z\u00e9piskol\u00e1jukban jelentkezhetnek, ak\u00e1r nappali, ak\u00e1r esti k\u00e9pz\u00e9sre j\u00e1rnak, emelt szintre is.<\/p>\n<p style=\"text-align: justify\">A jelentkez\u00e9s felt\u00e9teleir\u0151l \u00e9s a vizsgad\u00edjr\u00f3l a k\u00f6vetkez\u0151 weblapokon t\u00e1j\u00e9koz\u00f3dhatnak:<br \/>\nhttps:\/\/www.oktatas.hu\/kozneveles\/erettsegi\/altalanos_tajekoztatas<\/p>\n<p style=\"text-align: justify\"><strong>\u00a0\u201eK\u00fcls\u0151s\u201d<\/strong> vizsg\u00e1z\u00f3kat egyedi elb\u00edr\u00e1l\u00e1s alapj\u00e1n fogadunk.<\/p>\n<p style=\"text-align: justify\">A jelentkez\u00e9s hat\u00e1rideje <strong>2024. febru\u00e1r 15.<\/strong><\/p>\n<p><strong style=\"font-size: 1rem\">12. \u00c9VFOLYAMOSOK JELENTKEZ\u00c9SE<br \/>\n<\/strong>A 12. \u00e9vfolyamos tanul\u00f3k a kijel\u00f6lt jegyz\u0151kn\u00e9l jelentkezhetnek.<\/p>\n<p><strong>EL\u0150REHOZOTT \u00c9RETTS\u00c9GI<br \/>\n<\/strong><strong>El\u0151rehozott<\/strong> vizsg\u00e1ra val\u00f3 jelentkez\u00e9shez el\u0151zetes k\u00e9relmet kell beadni, az igazgat\u00f3nak c\u00edmezve, a sz\u00fcl\u0151 \u00e9s a tanul\u00f3 al\u00e1\u00edr\u00e1s\u00e1val.<\/p>\n<p><strong>\u00c9RETTS\u00c9GI BIZONY\u00cdTV\u00c1NNYAL RENDELKEZ\u0150KNEK<\/strong><\/p>\n<p><strong>Vizsgad\u00edj:<br \/>\n<\/strong>Az \u00e9retts\u00e9gi vizsga t\u00e9r\u00edt\u00e9smentes a tanul\u00f3i jogviszony ideje alatt az \u00e9retts\u00e9gi bizony\u00edtv\u00e1ny megszerz\u00e9s\u00e9ig. T\u00e9r\u00edt\u00e9smentes tov\u00e1bb\u00e1 az adott vizsgat\u00e1rgyb\u00f3l az \u00e9retts\u00e9gi bizony\u00edtv\u00e1ny megszerz\u00e9se el\u0151tti, tanul\u00f3i jogviszonyban tett sikertelen \u00e9retts\u00e9gi vizsga els\u0151 jav\u00edt\u00f3- \u00e9s a p\u00f3tl\u00f3 vizsg\u00e1ja. T\u00e9r\u00edt\u00e9smentes tov\u00e1bb\u00e1 az \u00e9retts\u00e9gi v\u00e9gzetts\u00e9ggel rendelkez\u0151, a szakk\u00e9pz\u00e9sr\u0151l sz\u00f3l\u00f3 2011. \u00e9vi CLXXXVII. t\u00f6rv\u00e9ny szerinti szakgimn\u00e1ziumi oktat\u00e1sban megkezdett tanul\u00f3i jogviszonnyal rendelkez\u0151 tanul\u00f3 r\u00e9sz\u00e9re egy szakmai \u00e9retts\u00e9gi vizsgat\u00e1rgyb\u00f3l tett \u00e9retts\u00e9gi vizsga \u00e9s els\u0151 alkalommal a jav\u00edt\u00f3- \u00e9s p\u00f3tl\u00f3vizsga. Minden m\u00e1s esetben a vizsg\u00e1\u00e9rt vizsgad\u00edjat kell fizetni.<\/p>\n<p><strong>k\u00f6z\u00e9pszint\u0171<\/strong> \u00e9retts\u00e9gi vizsga: tant\u00e1rgyank\u00e9nt 40.000,- Ft. iskolai p\u00e9nzt\u00e1rban, k\u00e9szp\u00e9nzben fizetend\u0151<br \/>\n<strong>emelt<\/strong> szint\u0171 \u00e9retts\u00e9gi vizsga: tant\u00e1rgyank\u00e9nt 67.000,- Ft. \u00e1tutal\u00e1ssal fizetend\u0151<\/p>\n<p><strong>JELENTKEZ\u00c9S<\/strong>:\u00a0\u00a0\u00a0\u00a0\u00a0\u00a0\u00a0\u00a0\u00a0\u00a0\u00a0\u00a0 Kiz\u00e1r\u00f3lag szem\u00e9lyesen!<\/p>\n<p>III. emelet, 310-es IRODA, Bergholdn\u00e9 K\u00e9zdi Katalin igh.<br \/>\nid\u0151pont egyeztet\u00e9s: bergholdne@r-wallenberg.hu<\/p>\n<p><strong>SZ\u00dcKS\u00c9GES<\/strong>:\u00a0\u00a0\u00a0\u00a0\u00a0\u00a0\u00a0\u00a0\u00a0\u00a0\u00a0\u00a0\u00a0\u00a0 <br \/>\n&#8211; szem\u00e9lyi igazolv\u00e1ny<br \/>\n&#8211; lakc\u00edmk\u00e1rtya<br \/>\n&#8211;\u00a0k\u00f6z\u00e9piskolai bizony\u00edtv\u00e1ny utols\u00f3 tan\u00e9v\u00e9nek (12. \u00e9vf.) m\u00e1solata<br \/>\n&#8211;\u00a0\u00e9retts\u00e9gi bizony\u00edtv\u00e1ny m\u00e1solata<br \/>\n&#8211; tan\u00fas\u00edtv\u00e1ny(ok) m\u00e1solata<br \/>\n&#8211; eredeti t\u00f6rzslapkivonat (ha van)<br \/>\n&#8211; szakv\u00e9lem\u00e9ny (ha SNI vagy BTMN)<\/p>\n","protected":false},"excerpt":{"rendered":"<p>\u00c9retts\u00e9gi vizsg\u00e1ra a tanul\u00f3i\/feln\u0151ttk\u00e9pz\u00e9si jogviszonnyal rendelkez\u0151 vizsg\u00e1z\u00f3k csak a \u201esaj\u00e1t&#8221; k\u00f6z\u00e9piskol\u00e1jukban jelentkezhetnek, ak\u00e1r nappali, ak\u00e1r esti k\u00e9pz\u00e9sre j\u00e1rnak, emelt szintre is. A jelentkez\u00e9s felt\u00e9teleir\u0151l \u00e9s a vizsgad\u00edjr\u00f3l a k\u00f6vetkez\u0151 weblapokon t\u00e1j\u00e9koz\u00f3dhatnak: https:\/\/www.oktatas.hu\/kozneveles\/erettsegi\/altalanos_tajekoztatas \u00a0\u201eK\u00fcls\u0151s\u201d vizsg\u00e1z\u00f3kat egyedi elb\u00edr\u00e1l\u00e1s alapj\u00e1n fogadunk. A jelentkez\u00e9s hat\u00e1rideje 2024. febru\u00e1r 15. 12. \u00c9VFOLYAMOSOK JELENTKEZ\u00c9SE A 12. \u00e9vfolyamos tanul\u00f3k a kijel\u00f6lt jegyz\u0151kn\u00e9l jelentkezhetnek. &hellip;<\/p>\n","protected":false},"author":101877,"featured_media":0,"comment_status":"closed","ping_status":"closed","sticky":false,"template":"","format":"standard","meta":{"_acf_changed":false,"footnotes":""},"categories":[1],"tags":[],"class_list":["post-1886","post","type-post","status-publish","format-standard","hentry","category-hirek"],"acf":[],"_links":{"self":[{"href":"https:\/\/semmelweis.hu\/raoulwallenberg\/wp-json\/wp\/v2\/posts\/1886","targetHints":{"allow":["GET"]}}],"collection":[{"href":"https:\/\/semmelweis.hu\/raoulwallenberg\/wp-json\/wp\/v2\/posts"}],"about":[{"href":"https:\/\/semmelweis.hu\/raoulwallenberg\/wp-json\/wp\/v2\/types\/post"}],"author":[{"embeddable":true,"href":"https:\/\/semmelweis.hu\/raoulwallenberg\/wp-json\/wp\/v2\/users\/101877"}],"replies":[{"embeddable":true,"href":"https:\/\/semmelweis.hu\/raoulwallenberg\/wp-json\/wp\/v2\/comments?post=1886"}],"version-history":[{"count":1,"href":"https:\/\/semmelweis.hu\/raoulwallenberg\/wp-json\/wp\/v2\/posts\/1886\/revisions"}],"predecessor-version":[{"id":1887,"href":"https:\/\/semmelweis.hu\/raoulwallenberg\/wp-json\/wp\/v2\/posts\/1886\/revisions\/1887"}],"wp:attachment":[{"href":"https:\/\/semmelweis.hu\/raoulwallenberg\/wp-json\/wp\/v2\/media?parent=1886"}],"wp:term":[{"taxonomy":"category","embeddable":true,"href":"https:\/\/semmelweis.hu\/raoulwallenberg\/wp-json\/wp\/v2\/categories?post=1886"},{"taxonomy":"post_tag","embeddable":true,"href":"https:\/\/semmelweis.hu\/raoulwallenberg\/wp-json\/wp\/v2\/tags?post=1886"}],"curies":[{"name":"wp","href":"https:\/\/api.w.org\/{rel}","templated":true}]}}