{"id":1825,"date":"2023-11-28T11:36:04","date_gmt":"2023-11-28T10:36:04","guid":{"rendered":"https:\/\/semmelweis.hu\/raoulwallenberg\/?p=1825"},"modified":"2023-11-28T13:50:50","modified_gmt":"2023-11-28T12:50:50","slug":"jonak-lenni-jo","status":"publish","type":"post","link":"https:\/\/semmelweis.hu\/raoulwallenberg\/2023\/11\/28\/jonak-lenni-jo\/","title":{"rendered":"J\u00d3NAK LENNI J\u00d3!"},"content":{"rendered":"<h6>Tisztelt Sz\u00fcl\u0151k, Tanul\u00f3k, Munkat\u00e1rsak!<\/h6>\n<h6 style=\"text-align: justify\">A k\u00f6zm\u00e9dia t\u00f6bb mint egy \u00e9vtizedes hagyom\u00e1nyokkal rendelkez\u0151 <strong>J\u00f3nak lenni j\u00f3!<\/strong>\u00a0j\u00f3t\u00e9konys\u00e1gi kamp\u00e1ny\u00e1nak idei \u00e9vi kedvezm\u00e9nyezettje a <strong>Semmelweis Egyetem Alap\u00edtv\u00e1ny<\/strong>.<\/h6>\n<h6 style=\"text-align: justify\">Az alap\u00edtv\u00e1ny c\u00e9lja, hogy a J\u00f3nak lenni j\u00f3! kamp\u00e1ny seg\u00edts\u00e9g\u00e9vel kib\u0151v\u00fclt komplexit\u00e1ssal \u00e9s alapter\u00fcleten l\u00e9trej\u00f6hessen a Semmelweis Fejl\u0151d\u00e9st\u00e1mogat\u00f3 K\u00f6zpont, ahol a jelenlegin\u00e9l h\u00e1romszor t\u00f6bb korasz\u00fcl\u00f6tt vagy velesz\u00fcletett rendelleness\u00e9ggel \u00e9l\u0151 gyermek fejleszt\u00e9se val\u00f3sulhatna meg egy id\u0151ben \u00e9s egy helyen szakember csapatunk seg\u00edts\u00e9g\u00e9vel.<\/h6>\n<h6 style=\"text-align: justify\">Seg\u00edts\u00fcnk mi is!<\/h6>\n<h6>A t\u00e1mogat\u00e1s r\u00e9szletei az al\u00e1bbi linken olvashat\u00f3ak!<\/h6>\n<h6><a href=\"https:\/\/semmelweis.hu\/alapitvany\/jonak-lenni-jo-2023-jotekonysagi-kampany-a-koraszulott-es-veleszuletett-rendellenesseggel-elo-gyermekek-fejleszteseert\/?gclid=CjwKCAiAvJarBhA1EiwAGgZl0K6L6RkJQW2pwoNn7ZTpuBLMqEV_5ehNgKM2zA1LKBhA256wHDT1VRoCYogQAvD_BwE\">J\u00f3nak lenni j\u00f3 felh\u00edv\u00e1s<\/a><\/h6>\n","protected":false},"excerpt":{"rendered":"<p>Tisztelt Sz\u00fcl\u0151k, Tanul\u00f3k, Munkat\u00e1rsak! A k\u00f6zm\u00e9dia t\u00f6bb mint egy \u00e9vtizedes hagyom\u00e1nyokkal rendelkez\u0151 J\u00f3nak lenni j\u00f3!\u00a0j\u00f3t\u00e9konys\u00e1gi kamp\u00e1ny\u00e1nak idei \u00e9vi kedvezm\u00e9nyezettje a Semmelweis Egyetem Alap\u00edtv\u00e1ny. Az alap\u00edtv\u00e1ny c\u00e9lja, hogy a J\u00f3nak lenni j\u00f3! kamp\u00e1ny seg\u00edts\u00e9g\u00e9vel kib\u0151v\u00fclt komplexit\u00e1ssal \u00e9s alapter\u00fcleten l\u00e9trej\u00f6hessen a Semmelweis Fejl\u0151d\u00e9st\u00e1mogat\u00f3 K\u00f6zpont, ahol a jelenlegin\u00e9l h\u00e1romszor t\u00f6bb korasz\u00fcl\u00f6tt vagy velesz\u00fcletett rendelleness\u00e9ggel \u00e9l\u0151 gyermek fejleszt\u00e9se val\u00f3sulhatna &hellip;<\/p>\n","protected":false},"author":101877,"featured_media":1833,"comment_status":"closed","ping_status":"closed","sticky":false,"template":"","format":"standard","meta":{"_acf_changed":false,"footnotes":""},"categories":[1],"tags":[],"class_list":["post-1825","post","type-post","status-publish","format-standard","has-post-thumbnail","hentry","category-hirek"],"acf":[],"_links":{"self":[{"href":"https:\/\/semmelweis.hu\/raoulwallenberg\/wp-json\/wp\/v2\/posts\/1825","targetHints":{"allow":["GET"]}}],"collection":[{"href":"https:\/\/semmelweis.hu\/raoulwallenberg\/wp-json\/wp\/v2\/posts"}],"about":[{"href":"https:\/\/semmelweis.hu\/raoulwallenberg\/wp-json\/wp\/v2\/types\/post"}],"author":[{"embeddable":true,"href":"https:\/\/semmelweis.hu\/raoulwallenberg\/wp-json\/wp\/v2\/users\/101877"}],"replies":[{"embeddable":true,"href":"https:\/\/semmelweis.hu\/raoulwallenberg\/wp-json\/wp\/v2\/comments?post=1825"}],"version-history":[{"count":3,"href":"https:\/\/semmelweis.hu\/raoulwallenberg\/wp-json\/wp\/v2\/posts\/1825\/revisions"}],"predecessor-version":[{"id":1831,"href":"https:\/\/semmelweis.hu\/raoulwallenberg\/wp-json\/wp\/v2\/posts\/1825\/revisions\/1831"}],"wp:featuredmedia":[{"embeddable":true,"href":"https:\/\/semmelweis.hu\/raoulwallenberg\/wp-json\/wp\/v2\/media\/1833"}],"wp:attachment":[{"href":"https:\/\/semmelweis.hu\/raoulwallenberg\/wp-json\/wp\/v2\/media?parent=1825"}],"wp:term":[{"taxonomy":"category","embeddable":true,"href":"https:\/\/semmelweis.hu\/raoulwallenberg\/wp-json\/wp\/v2\/categories?post=1825"},{"taxonomy":"post_tag","embeddable":true,"href":"https:\/\/semmelweis.hu\/raoulwallenberg\/wp-json\/wp\/v2\/tags?post=1825"}],"curies":[{"name":"wp","href":"https:\/\/api.w.org\/{rel}","templated":true}]}}