{"id":1797,"date":"2023-10-25T18:35:43","date_gmt":"2023-10-25T16:35:43","guid":{"rendered":"https:\/\/semmelweis.hu\/raoulwallenberg\/?p=1797"},"modified":"2023-10-25T18:37:24","modified_gmt":"2023-10-25T16:37:24","slug":"orszagos-elsosegelynyujto-verseny-es-katasztrofavedelmi-ifjusagi-nap","status":"publish","type":"post","link":"https:\/\/semmelweis.hu\/raoulwallenberg\/2023\/10\/25\/orszagos-elsosegelynyujto-verseny-es-katasztrofavedelmi-ifjusagi-nap\/","title":{"rendered":"Orsz\u00e1gos Els\u0151seg\u00e9lyny\u00fajt\u00f3 Verseny \u00e9s Katasztr\u00f3fav\u00e9delmi Ifj\u00fas\u00e1gi Nap"},"content":{"rendered":"<p style=\"text-align: justify\">2023. szeptember 15-16-\u00e1n ker\u00fclt megrendez\u00e9sre az 51. Orsz\u00e1gos Els\u0151seg\u00e9lyny\u00fajt\u00f3 Verseny d\u00f6nt\u0151je Szolnokon.\u00a0<\/p>\n<p style=\"text-align: justify\">Vend\u00e9gcsapat kateg\u00f3ri\u00e1ban az els\u0151 helyen, min\u0151s\u00edtett lett az \u00d6T\u00d6S! csapat, amely felk\u00e9sz\u00edt\u0151tan\u00e1rokb\u00f3l \u00e1llt, akik \u00e9vek \u00f3ta visznek k\u00f6z\u00e9piskol\u00e1sokat a versenyre. A csapat tagja volt Fazekas Marianna oktat\u00f3nk, aki sok \u00e9v \u00f3ta \u00e9r el sikereket tan\u00edtv\u00e1nyaival a k\u00fcl\u00f6nb\u00f6z\u0151 els\u0151seg\u00e9lyny\u00fajt\u00e1si, katasztr\u00f3fav\u00e9delmi versenyeken.<\/p>\n<p>\u00a0GRATUL\u00c1LUNK!<\/p>\n<p><img loading=\"lazy\" decoding=\"async\" class=\"alignnone size-medium wp-image-1796\" src=\"https:\/\/semmelweis.hu\/raoulwallenberg\/files\/2023\/10\/voroskereszt-verseny-oklevel-1-282x400.jpg\" alt=\"\" width=\"282\" height=\"400\" srcset=\"https:\/\/semmelweis.hu\/raoulwallenberg\/files\/2023\/10\/voroskereszt-verseny-oklevel-1-282x400.jpg 282w, https:\/\/semmelweis.hu\/raoulwallenberg\/files\/2023\/10\/voroskereszt-verseny-oklevel-1-rotated.jpg 723w\" sizes=\"auto, (max-width: 282px) 100vw, 282px\" \/><\/p>\n<p style=\"text-align: justify\">2023. okt\u00f3ber 13-\u00e1n rendezt\u00e9k meg a K\u00f6z\u00e9p-Pest r\u00e9gi\u00f3ban a Katasztr\u00f3fav\u00e9delmi Ifj\u00fas\u00e1gi Napot. A csapatok \u00fcgyess\u00e9gi (mocs\u00e1rj\u00e1r\u00e1s, t\u00f6ml\u0151teke, puttonyfecskend\u0151), er\u0151nl\u00e9ti (sug\u00e1rszerel\u00e9s) \u00e9s elm\u00e9leti tud\u00e1st (polg\u00e1rv\u00e9delem, t\u0171zv\u00e9delem, vegyv\u00e9delmi ismeretek, els\u0151seg\u00e9lyny\u00fajt\u00e1s) ig\u00e9nyl\u0151 feladatokban m\u00e9rt\u00e9k \u00f6ssze tud\u00e1sukat. C\u00e9lja a tanul\u00f3k ismereteinek b\u0151v\u00edt\u00e9se, gyakorlati tud\u00e1sok fejleszt\u00e9se.<\/p>\n<p style=\"text-align: justify\">Iskol\u00e1nkat Lucz\u00f3 Dzsenifer 12.A, Szab\u00f3 Anita, Varga Laura, Vellai Bogl\u00e1rka 10.E oszt\u00e1lyos tanul\u00f3k k\u00e9pviselt\u00e9k. A versenyen ez\u00fcst \u00e9rmet szereztek iskol\u00e1nknak. Felk\u00e9sz\u00edt\u0151j\u00fck Fazekas Marianna volt.<\/p>\n<p style=\"text-align: justify\">Gratul\u00e1lunk!<\/p>\n<p><img loading=\"lazy\" decoding=\"async\" class=\"alignnone size-medium wp-image-1794\" src=\"https:\/\/semmelweis.hu\/raoulwallenberg\/files\/2023\/10\/Katasztrofa-verseny-kep2-400x300.jpg\" alt=\"\" width=\"400\" height=\"300\" srcset=\"https:\/\/semmelweis.hu\/raoulwallenberg\/files\/2023\/10\/Katasztrofa-verseny-kep2-400x300.jpg 400w, https:\/\/semmelweis.hu\/raoulwallenberg\/files\/2023\/10\/Katasztrofa-verseny-kep2-1024x768.jpg 1024w, https:\/\/semmelweis.hu\/raoulwallenberg\/files\/2023\/10\/Katasztrofa-verseny-kep2-768x576.jpg 768w, https:\/\/semmelweis.hu\/raoulwallenberg\/files\/2023\/10\/Katasztrofa-verseny-kep2-1536x1152.jpg 1536w, https:\/\/semmelweis.hu\/raoulwallenberg\/files\/2023\/10\/Katasztrofa-verseny-kep2-753x565.jpg 753w, https:\/\/semmelweis.hu\/raoulwallenberg\/files\/2023\/10\/Katasztrofa-verseny-kep2.jpg 1560w\" sizes=\"auto, (max-width: 400px) 100vw, 400px\" \/><\/p>\n","protected":false},"excerpt":{"rendered":"<p>2023. szeptember 15-16-\u00e1n ker\u00fclt megrendez\u00e9sre az 51. Orsz\u00e1gos Els\u0151seg\u00e9lyny\u00fajt\u00f3 Verseny d\u00f6nt\u0151je Szolnokon.\u00a0 Vend\u00e9gcsapat kateg\u00f3ri\u00e1ban az els\u0151 helyen, min\u0151s\u00edtett lett az \u00d6T\u00d6S! csapat, amely felk\u00e9sz\u00edt\u0151tan\u00e1rokb\u00f3l \u00e1llt, akik \u00e9vek \u00f3ta visznek k\u00f6z\u00e9piskol\u00e1sokat a versenyre. A csapat tagja volt Fazekas Marianna oktat\u00f3nk, aki sok \u00e9v \u00f3ta \u00e9r el sikereket tan\u00edtv\u00e1nyaival a k\u00fcl\u00f6nb\u00f6z\u0151 els\u0151seg\u00e9lyny\u00fajt\u00e1si, katasztr\u00f3fav\u00e9delmi versenyeken. \u00a0GRATUL\u00c1LUNK! 2023. okt\u00f3ber &hellip;<\/p>\n","protected":false},"author":101877,"featured_media":1793,"comment_status":"closed","ping_status":"closed","sticky":false,"template":"","format":"standard","meta":{"_acf_changed":false,"footnotes":""},"categories":[1],"tags":[],"class_list":["post-1797","post","type-post","status-publish","format-standard","has-post-thumbnail","hentry","category-hirek"],"acf":[],"_links":{"self":[{"href":"https:\/\/semmelweis.hu\/raoulwallenberg\/wp-json\/wp\/v2\/posts\/1797","targetHints":{"allow":["GET"]}}],"collection":[{"href":"https:\/\/semmelweis.hu\/raoulwallenberg\/wp-json\/wp\/v2\/posts"}],"about":[{"href":"https:\/\/semmelweis.hu\/raoulwallenberg\/wp-json\/wp\/v2\/types\/post"}],"author":[{"embeddable":true,"href":"https:\/\/semmelweis.hu\/raoulwallenberg\/wp-json\/wp\/v2\/users\/101877"}],"replies":[{"embeddable":true,"href":"https:\/\/semmelweis.hu\/raoulwallenberg\/wp-json\/wp\/v2\/comments?post=1797"}],"version-history":[{"count":3,"href":"https:\/\/semmelweis.hu\/raoulwallenberg\/wp-json\/wp\/v2\/posts\/1797\/revisions"}],"predecessor-version":[{"id":1800,"href":"https:\/\/semmelweis.hu\/raoulwallenberg\/wp-json\/wp\/v2\/posts\/1797\/revisions\/1800"}],"wp:featuredmedia":[{"embeddable":true,"href":"https:\/\/semmelweis.hu\/raoulwallenberg\/wp-json\/wp\/v2\/media\/1793"}],"wp:attachment":[{"href":"https:\/\/semmelweis.hu\/raoulwallenberg\/wp-json\/wp\/v2\/media?parent=1797"}],"wp:term":[{"taxonomy":"category","embeddable":true,"href":"https:\/\/semmelweis.hu\/raoulwallenberg\/wp-json\/wp\/v2\/categories?post=1797"},{"taxonomy":"post_tag","embeddable":true,"href":"https:\/\/semmelweis.hu\/raoulwallenberg\/wp-json\/wp\/v2\/tags?post=1797"}],"curies":[{"name":"wp","href":"https:\/\/api.w.org\/{rel}","templated":true}]}}