{"id":1757,"date":"2023-10-12T13:45:04","date_gmt":"2023-10-12T11:45:04","guid":{"rendered":"https:\/\/semmelweis.hu\/raoulwallenberg\/?p=1757"},"modified":"2023-10-12T13:53:14","modified_gmt":"2023-10-12T11:53:14","slug":"jo-tanulo-jo-apolo-osztondij-lehetoseg-a-2023-2024-tanevben","status":"publish","type":"post","link":"https:\/\/semmelweis.hu\/raoulwallenberg\/2023\/10\/12\/jo-tanulo-jo-apolo-osztondij-lehetoseg-a-2023-2024-tanevben\/","title":{"rendered":"&#8222;J\u00f3 tanul\u00f3, j\u00f3 \u00e1pol\u00f3&#8221; \u00f6szt\u00f6nd\u00edj lehet\u0151s\u00e9g a 2023\/2024. tan\u00e9vben"},"content":{"rendered":"<p style=\"text-align: justify\">A Nemzeti Eg\u00e9szs\u00e9g\u00fcgyi \u00e9s Orvosk\u00e9pz\u00e9s\u00e9rt Alap\u00edtv\u00e1ny <span style=\"color: #ff0000\"><strong>\u201cJ\u00d3 TANUL\u00d3, J\u00d3 \u00c1POL\u00d3\u201d<\/strong><\/span>\u00a0p\u00e1ly\u00e1zatot hirdet a 2023\/2024. tan\u00e9vben.<\/p>\n<p style=\"text-align: justify\">A t\u00e1mogat\u00e1s f\u0151 c\u00e9lja a Semmelweis Egyetem fenntart\u00e1s\u00e1ban m\u0171k\u00f6d\u0151 szakk\u00e9pz\u0151 int\u00e9zm\u00e9nyekben eg\u00e9szs\u00e9g\u00fcgyi \u00e1gazati k\u00e9pz\u00e9s\u00e9ben r\u00e9sztvev\u0151 tanul\u00f3k \u00f6szt\u00f6nz\u00e9se \u00e9s p\u00e1ly\u00e1n tart\u00e1sa, ennek \u00e9rdek\u00e9ben kiv\u00e1l\u00f3s\u00e1gi alapon \u00f6szt\u00f6nd\u00edj biztos\u00edt\u00e1sa.<\/p>\n<p>P\u00e1ly\u00e1zhat:<br \/>\n&#8211; <strong>\u00e1ltal\u00e1nos \u00e1pol\u00f3<\/strong> (2\/14. \u00e9vf., 3\/15. \u00e9vf.) vagy <strong>csecsem\u0151- \u00e9s gyermek\u00e1pol\u00f3<\/strong> (2\/14. \u00e9vf.) nappali k\u00e9pz\u00e9sre j\u00e1r\u00f3 tanul\u00f3nk<\/p>\n<p>P\u00e1ly\u00e1zati felt\u00e9telek:<br \/>\n&#8211; az el\u0151z\u0151 tan\u00e9vben legal\u00e1bb 3,00 tanulm\u00e1nyi \u00e1tlag<br \/>\n<span style=\"font-size: 1rem\">&#8211; a tanulm\u00e1nyok befejez\u00e9s\u00e9t k\u00f6vet\u0151n a t\u00e1mogat\u00e1si id\u0151szak k\u00e9tszeres\u00e9nek megfelel\u0151 id\u0151tartamra munkaviszony l\u00e9tes\u00edt\u00e9se a Semmelweis Egyetemmel<\/span><\/p>\n<p>Az \u00f6szt\u00f6nd\u00edj m\u00e9rt\u00e9ke: <strong>100.000 Ft<\/strong> \/ h\u00f3<\/p>\n<p>A p\u00e1ly\u00e1zat beny\u00fajt\u00e1s\u00e1nak hat\u00e1rideje: <strong>2023. november 15.<\/strong><\/p>\n<p>A p\u00e1ly\u00e1zati ki\u00edr\u00e1s r\u00e9szletei az al\u00e1bbi linken \u00e9rhet\u0151ek el:<\/p>\n<p><a href=\"https:\/\/semmelweis.hu\/neoa\/2023\/10\/11\/jo-tanulo-jo-apolo-osztondij-palyazati-felhivas\/\"><strong>Felh\u00edv\u00e1s<\/strong><\/a><\/p>\n<p>&nbsp;<\/p>\n","protected":false},"excerpt":{"rendered":"<p>A Nemzeti Eg\u00e9szs\u00e9g\u00fcgyi \u00e9s Orvosk\u00e9pz\u00e9s\u00e9rt Alap\u00edtv\u00e1ny \u201cJ\u00d3 TANUL\u00d3, J\u00d3 \u00c1POL\u00d3\u201d\u00a0p\u00e1ly\u00e1zatot hirdet a 2023\/2024. tan\u00e9vben. A t\u00e1mogat\u00e1s f\u0151 c\u00e9lja a Semmelweis Egyetem fenntart\u00e1s\u00e1ban m\u0171k\u00f6d\u0151 szakk\u00e9pz\u0151 int\u00e9zm\u00e9nyekben eg\u00e9szs\u00e9g\u00fcgyi \u00e1gazati k\u00e9pz\u00e9s\u00e9ben r\u00e9sztvev\u0151 tanul\u00f3k \u00f6szt\u00f6nz\u00e9se \u00e9s p\u00e1ly\u00e1n tart\u00e1sa, ennek \u00e9rdek\u00e9ben kiv\u00e1l\u00f3s\u00e1gi alapon \u00f6szt\u00f6nd\u00edj biztos\u00edt\u00e1sa. P\u00e1ly\u00e1zhat: &#8211; \u00e1ltal\u00e1nos \u00e1pol\u00f3 (2\/14. \u00e9vf., 3\/15. \u00e9vf.) vagy csecsem\u0151- \u00e9s gyermek\u00e1pol\u00f3 (2\/14. \u00e9vf.) nappali &hellip;<\/p>\n","protected":false},"author":101877,"featured_media":1760,"comment_status":"closed","ping_status":"closed","sticky":false,"template":"","format":"standard","meta":{"_acf_changed":false,"footnotes":""},"categories":[1],"tags":[],"class_list":["post-1757","post","type-post","status-publish","format-standard","has-post-thumbnail","hentry","category-hirek"],"acf":[],"_links":{"self":[{"href":"https:\/\/semmelweis.hu\/raoulwallenberg\/wp-json\/wp\/v2\/posts\/1757","targetHints":{"allow":["GET"]}}],"collection":[{"href":"https:\/\/semmelweis.hu\/raoulwallenberg\/wp-json\/wp\/v2\/posts"}],"about":[{"href":"https:\/\/semmelweis.hu\/raoulwallenberg\/wp-json\/wp\/v2\/types\/post"}],"author":[{"embeddable":true,"href":"https:\/\/semmelweis.hu\/raoulwallenberg\/wp-json\/wp\/v2\/users\/101877"}],"replies":[{"embeddable":true,"href":"https:\/\/semmelweis.hu\/raoulwallenberg\/wp-json\/wp\/v2\/comments?post=1757"}],"version-history":[{"count":2,"href":"https:\/\/semmelweis.hu\/raoulwallenberg\/wp-json\/wp\/v2\/posts\/1757\/revisions"}],"predecessor-version":[{"id":1759,"href":"https:\/\/semmelweis.hu\/raoulwallenberg\/wp-json\/wp\/v2\/posts\/1757\/revisions\/1759"}],"wp:featuredmedia":[{"embeddable":true,"href":"https:\/\/semmelweis.hu\/raoulwallenberg\/wp-json\/wp\/v2\/media\/1760"}],"wp:attachment":[{"href":"https:\/\/semmelweis.hu\/raoulwallenberg\/wp-json\/wp\/v2\/media?parent=1757"}],"wp:term":[{"taxonomy":"category","embeddable":true,"href":"https:\/\/semmelweis.hu\/raoulwallenberg\/wp-json\/wp\/v2\/categories?post=1757"},{"taxonomy":"post_tag","embeddable":true,"href":"https:\/\/semmelweis.hu\/raoulwallenberg\/wp-json\/wp\/v2\/tags?post=1757"}],"curies":[{"name":"wp","href":"https:\/\/api.w.org\/{rel}","templated":true}]}}