{"id":1674,"date":"2023-06-06T21:12:03","date_gmt":"2023-06-06T19:12:03","guid":{"rendered":"https:\/\/semmelweis.hu\/raoulwallenberg\/?p=1674"},"modified":"2023-06-15T13:38:09","modified_gmt":"2023-06-15T11:38:09","slug":"a-semmelweis-egyetem-alapitvany-jo-tanulo-jo-apolo-osztondijat-nyerte-el-8-tanulonkink","status":"publish","type":"post","link":"https:\/\/semmelweis.hu\/raoulwallenberg\/2023\/06\/06\/a-semmelweis-egyetem-alapitvany-jo-tanulo-jo-apolo-osztondijat-nyerte-el-8-tanulonkink\/","title":{"rendered":"A Semmelweis Egyetem Alap\u00edtv\u00e1ny &#8222;J\u00f3 tanul\u00f3, j\u00f3 \u00e1pol\u00f3&#8221; \u00f6szt\u00f6nd\u00edj\u00e1t nyerte el 8 tanul\u00f3nk"},"content":{"rendered":"<p style=\"text-align: justify\"><span style=\"font-size: 14pt\">A <strong>Semmelweis Egyetem Alap\u00edtv\u00e1ny \u201eJ\u00f3 tanul\u00f3, j\u00f3 \u00e1pol\u00f3\u201d 2022\/2023. \u00f6szt\u00f6nd\u00edj<\/strong>\u00e1t nyerte el iskol\u00e1nk <strong>7 v\u00e9gz\u0151s \u00e1ltal\u00e1nos \u00e1pol\u00f3<\/strong> \u00e9s <strong>1 csecsem\u0151- \u00e9s gyermek\u00e1pol\u00f3<\/strong> tanul\u00f3ja.<\/span><br \/>\n<span style=\"font-size: 14pt\">Az \u00fcnnep\u00e9lyes \u00f6szt\u00f6nd\u00edj \u00e1tad\u00f3ra 2023. j\u00fanius 5-\u00e9n ker\u00fclt sor a Semmelweis Egyetem Rektori \u00c9p\u00fclet\u00e9nek Semmelweis Szalonj\u00e1ban.<\/span><\/p>\n<p style=\"text-align: justify\"><span style=\"font-size: 14pt\">A &#8222;J\u00f3 tanul\u00f3, j\u00f3 \u00e1pol\u00f3&#8221; \u00f6szt\u00f6nd\u00edj f\u0151 c\u00e9lja az eg\u00e9szs\u00e9g\u00fcgyi \u00e1gazati k\u00e9pz\u00e9s\u00e9ben r\u00e9sztvev\u0151 tanul\u00f3k \u00f6szt\u00f6nz\u00e9se. Az \u00f6szt\u00f6nd\u00edjat elnyert tanul\u00f3k a sikeres szakmai vizsg\u00e1t k\u00f6vet\u0151en a t\u00e1mogat\u00e1si id\u0151szak k\u00e9tszeres\u00e9nek megfelel\u0151 id\u0151tartamra munkaviszonyt l\u00e9tes\u00edtenek a Semmelweis Egyetemmel.\u00a0<\/span><\/p>\n<p>Gratul\u00e1lunk az \u00f6szt\u00f6nd\u00edjat els\u0151k\u00e9nt elnyer\u0151 tanul\u00f3knak!<\/p>\n<p>Sikeres \u00e9letp\u00e1ly\u00e1t k\u00edv\u00e1nunk!<\/p>\n<p><a href=\"https:\/\/semmelweis.hu\/hirek\/2023\/06\/09\/elso-alkalommal-adtak-at-a-jo-tanulo-jo-apolo-osztondijakat-a-semmelweis-egyetemen\/\">https:\/\/semmelweis.hu\/hirek\/2023\/06\/09\/elso-alkalommal-adtak-at-a-jo-tanulo-jo-apolo-osztondijakat-a-semmelweis-egyetemen\/<\/a><\/p>\n<p>&nbsp;<\/p>\n","protected":false},"excerpt":{"rendered":"<p>A Semmelweis Egyetem Alap\u00edtv\u00e1ny \u201eJ\u00f3 tanul\u00f3, j\u00f3 \u00e1pol\u00f3\u201d 2022\/2023. \u00f6szt\u00f6nd\u00edj\u00e1t nyerte el iskol\u00e1nk 7 v\u00e9gz\u0151s \u00e1ltal\u00e1nos \u00e1pol\u00f3 \u00e9s 1 csecsem\u0151- \u00e9s gyermek\u00e1pol\u00f3 tanul\u00f3ja. Az \u00fcnnep\u00e9lyes \u00f6szt\u00f6nd\u00edj \u00e1tad\u00f3ra 2023. j\u00fanius 5-\u00e9n ker\u00fclt sor a Semmelweis Egyetem Rektori \u00c9p\u00fclet\u00e9nek Semmelweis Szalonj\u00e1ban. A &#8222;J\u00f3 tanul\u00f3, j\u00f3 \u00e1pol\u00f3&#8221; \u00f6szt\u00f6nd\u00edj f\u0151 c\u00e9lja az eg\u00e9szs\u00e9g\u00fcgyi \u00e1gazati k\u00e9pz\u00e9s\u00e9ben r\u00e9sztvev\u0151 tanul\u00f3k \u00f6szt\u00f6nz\u00e9se. Az &hellip;<\/p>\n","protected":false},"author":101877,"featured_media":1676,"comment_status":"closed","ping_status":"closed","sticky":false,"template":"","format":"standard","meta":{"_acf_changed":false,"footnotes":""},"categories":[1],"tags":[],"class_list":["post-1674","post","type-post","status-publish","format-standard","has-post-thumbnail","hentry","category-hirek"],"acf":[],"_links":{"self":[{"href":"https:\/\/semmelweis.hu\/raoulwallenberg\/wp-json\/wp\/v2\/posts\/1674","targetHints":{"allow":["GET"]}}],"collection":[{"href":"https:\/\/semmelweis.hu\/raoulwallenberg\/wp-json\/wp\/v2\/posts"}],"about":[{"href":"https:\/\/semmelweis.hu\/raoulwallenberg\/wp-json\/wp\/v2\/types\/post"}],"author":[{"embeddable":true,"href":"https:\/\/semmelweis.hu\/raoulwallenberg\/wp-json\/wp\/v2\/users\/101877"}],"replies":[{"embeddable":true,"href":"https:\/\/semmelweis.hu\/raoulwallenberg\/wp-json\/wp\/v2\/comments?post=1674"}],"version-history":[{"count":5,"href":"https:\/\/semmelweis.hu\/raoulwallenberg\/wp-json\/wp\/v2\/posts\/1674\/revisions"}],"predecessor-version":[{"id":1681,"href":"https:\/\/semmelweis.hu\/raoulwallenberg\/wp-json\/wp\/v2\/posts\/1674\/revisions\/1681"}],"wp:featuredmedia":[{"embeddable":true,"href":"https:\/\/semmelweis.hu\/raoulwallenberg\/wp-json\/wp\/v2\/media\/1676"}],"wp:attachment":[{"href":"https:\/\/semmelweis.hu\/raoulwallenberg\/wp-json\/wp\/v2\/media?parent=1674"}],"wp:term":[{"taxonomy":"category","embeddable":true,"href":"https:\/\/semmelweis.hu\/raoulwallenberg\/wp-json\/wp\/v2\/categories?post=1674"},{"taxonomy":"post_tag","embeddable":true,"href":"https:\/\/semmelweis.hu\/raoulwallenberg\/wp-json\/wp\/v2\/tags?post=1674"}],"curies":[{"name":"wp","href":"https:\/\/api.w.org\/{rel}","templated":true}]}}