{"id":1616,"date":"2023-04-18T12:25:03","date_gmt":"2023-04-18T10:25:03","guid":{"rendered":"https:\/\/semmelweis.hu\/raoulwallenberg\/?p=1616"},"modified":"2023-04-18T14:33:49","modified_gmt":"2023-04-18T12:33:49","slug":"a-terezvarosi-onkormanyzat-tamogatasaval-megvalosult-programok","status":"publish","type":"post","link":"https:\/\/semmelweis.hu\/raoulwallenberg\/2023\/04\/18\/a-terezvarosi-onkormanyzat-tamogatasaval-megvalosult-programok\/","title":{"rendered":"A Ter\u00e9zv\u00e1rosi \u00d6nkorm\u00e1nyzat t\u00e1mogat\u00e1s\u00e1val megval\u00f3sult programok"},"content":{"rendered":"<p style=\"text-align: justify\">Szakk\u00e9pz\u0151 int\u00e9zm\u00e9ny\u00fcnket &#8211; a VI. ker\u00fclet t\u00f6bbi iskol\u00e1j\u00e1hoz hasonl\u00f3an &#8211; folyamatosan seg\u00edti, t\u00e1mogatja a Ter\u00e9zv\u00e1rosi \u00d6nkorm\u00e1nyzat.<\/p>\n<ul style=\"text-align: justify\">\n<li>2022 \u0151sz\u00e9n iskol\u00e1nk 10 oktat\u00f3ja vett r\u00e9szt az \u00f6nkorm\u00e1nyzat szervez\u00e9s\u00e9ben olyan k\u00e9pz\u00e9sen, ami azt mutatta be, hogy mit kell tenn\u00fcnk, ha valakinek s\u00falyos allergi\u00e1s t\u00fcnetei vannak, hogyan kell szakszer\u0171en haszn\u00e1lni az adrenalin injekci\u00f3t.<\/li>\n<li>60.000 Ft \u00e9rt\u00e9kben r\u00e9szes\u00fclt iskol\u00e1nk k\u00f6nyvt\u00e1ra a Ter\u00e9zv\u00e1rosi \u00d6nkorm\u00e1nyzat &#8222;Z\u00f6ldk\u00f6nyvt\u00e1r&#8221; programja keret\u00e9ben k\u00f6rnyezetv\u00e9delemmel kapcsolatos szakirodalomban.<\/li>\n<li>A Raoul Wallenberg Egyes\u00fclettel k\u00f6z\u00f6sen szervezz\u00fck a Wallenberg nyom\u00e1n vet\u00e9lked\u0151t. Iskol\u00e1nk ad otthont minden \u00e9vben a budapesti k\u00f6z\u00e9pd\u00f6nt\u0151 lebonyol\u00edt\u00e1s\u00e1ra. A Ter\u00e9zv\u00e1rosi \u00d6nkorm\u00e1nyzat 3. \u00e9ve t\u00e1mogatja a vet\u00e9lked\u0151 megrendez\u00e9s\u00e9t.<\/li>\n<li>2022-ben p\u00e1ly\u00e1zott iskol\u00e1nk M\u00f3ra alap\u00edtv\u00e1nya az \u00f6nkorm\u00e1nyzat \u00e1ltal meghirdetett k\u00f6rnyezetv\u00e9delmi, term\u00e9szeti nevel\u00e9si program t\u00e1mogat\u00e1s\u00e1ra 262.500,- Ft \u00e9rt\u00e9kben.<\/li>\n<\/ul>\n<div style=\"text-align: justify\">A 9. \u00e9vfolyamos tanul\u00f3inknak szervezett K\u00f6rnyezettudatoss\u00e1g, fenntarthat\u00f3s\u00e1g projektnap 2023. \u00e1prilis 5-\u00e9n val\u00f3sult meg.<\/div>\n<div style=\"text-align: justify\">A program mind a 6 oszt\u00e1lyunknak 4 r\u00e9szb\u0151l \u00e1llt, amelyen forg\u00e1sban vesznek r\u00e9szt:<\/div>\n<div>\n<ul style=\"text-align: justify\">\n<li>Fenntarthat\u00f3 \u00e9letm\u00f3d el\u0151ad\u00e1s<\/li>\n<li>\u00d6kol\u00f3giai l\u00e1bnyom sz\u00e1m\u00edt\u00e1s<\/li>\n<li>Z\u00f6ld ir\u00e1nyt\u0171 a v\u00e1s\u00e1rl\u00e1shoz!<\/li>\n<li>Vir\u00e1g\u00fcltet\u00e9s a t\u00e1mogat\u00e1sb\u00f3l v\u00e1s\u00e1rolt magas\u00e1gy\u00e1sokba<\/li>\n<\/ul>\n<p style=\"text-align: justify\"><img loading=\"lazy\" decoding=\"async\" class=\"alignnone wp-image-1622\" src=\"https:\/\/semmelweis.hu\/raoulwallenberg\/files\/2023\/04\/viragultetes-300x400.jpg\" alt=\"\" width=\"275\" height=\"367\" srcset=\"https:\/\/semmelweis.hu\/raoulwallenberg\/files\/2023\/04\/viragultetes-300x400.jpg 300w, https:\/\/semmelweis.hu\/raoulwallenberg\/files\/2023\/04\/viragultetes-768x1024.jpg 768w, https:\/\/semmelweis.hu\/raoulwallenberg\/files\/2023\/04\/viragultetes-1152x1536.jpg 1152w, https:\/\/semmelweis.hu\/raoulwallenberg\/files\/2023\/04\/viragultetes-1536x2048.jpg 1536w, https:\/\/semmelweis.hu\/raoulwallenberg\/files\/2023\/04\/viragultetes-753x1004.jpg 753w, https:\/\/semmelweis.hu\/raoulwallenberg\/files\/2023\/04\/viragultetes-scaled.jpg 1920w\" sizes=\"auto, (max-width: 275px) 100vw, 275px\" \/><img loading=\"lazy\" decoding=\"async\" class=\"alignnone wp-image-1621\" src=\"https:\/\/semmelweis.hu\/raoulwallenberg\/files\/2023\/04\/fenntarthato-eletmod-400x300.jpg\" alt=\"\" width=\"410\" height=\"307\" \/><\/p>\n<p style=\"text-align: justify\">K\u00f6sz\u00f6nj\u00fck a Ter\u00e9zv\u00e1rosi \u00d6nkorm\u00e1nyzat t\u00e1mogat\u00e1s\u00e1t, a sz\u00e1mos felk\u00edn\u00e1lt kultur\u00e1lis \u00e9s egy\u00e9b lehet\u0151s\u00e9get!<\/p>\n<\/div>\n","protected":false},"excerpt":{"rendered":"<p>Szakk\u00e9pz\u0151 int\u00e9zm\u00e9ny\u00fcnket &#8211; a VI. ker\u00fclet t\u00f6bbi iskol\u00e1j\u00e1hoz hasonl\u00f3an &#8211; folyamatosan seg\u00edti, t\u00e1mogatja a Ter\u00e9zv\u00e1rosi \u00d6nkorm\u00e1nyzat. 2022 \u0151sz\u00e9n iskol\u00e1nk 10 oktat\u00f3ja vett r\u00e9szt az \u00f6nkorm\u00e1nyzat szervez\u00e9s\u00e9ben olyan k\u00e9pz\u00e9sen, ami azt mutatta be, hogy mit kell tenn\u00fcnk, ha valakinek s\u00falyos allergi\u00e1s t\u00fcnetei vannak, hogyan kell szakszer\u0171en haszn\u00e1lni az adrenalin injekci\u00f3t. 60.000 Ft \u00e9rt\u00e9kben r\u00e9szes\u00fclt iskol\u00e1nk k\u00f6nyvt\u00e1ra &hellip;<\/p>\n","protected":false},"author":101877,"featured_media":1622,"comment_status":"closed","ping_status":"closed","sticky":false,"template":"","format":"standard","meta":{"_acf_changed":false,"footnotes":""},"categories":[1],"tags":[],"class_list":["post-1616","post","type-post","status-publish","format-standard","has-post-thumbnail","hentry","category-hirek"],"acf":[],"_links":{"self":[{"href":"https:\/\/semmelweis.hu\/raoulwallenberg\/wp-json\/wp\/v2\/posts\/1616","targetHints":{"allow":["GET"]}}],"collection":[{"href":"https:\/\/semmelweis.hu\/raoulwallenberg\/wp-json\/wp\/v2\/posts"}],"about":[{"href":"https:\/\/semmelweis.hu\/raoulwallenberg\/wp-json\/wp\/v2\/types\/post"}],"author":[{"embeddable":true,"href":"https:\/\/semmelweis.hu\/raoulwallenberg\/wp-json\/wp\/v2\/users\/101877"}],"replies":[{"embeddable":true,"href":"https:\/\/semmelweis.hu\/raoulwallenberg\/wp-json\/wp\/v2\/comments?post=1616"}],"version-history":[{"count":5,"href":"https:\/\/semmelweis.hu\/raoulwallenberg\/wp-json\/wp\/v2\/posts\/1616\/revisions"}],"predecessor-version":[{"id":1623,"href":"https:\/\/semmelweis.hu\/raoulwallenberg\/wp-json\/wp\/v2\/posts\/1616\/revisions\/1623"}],"wp:featuredmedia":[{"embeddable":true,"href":"https:\/\/semmelweis.hu\/raoulwallenberg\/wp-json\/wp\/v2\/media\/1622"}],"wp:attachment":[{"href":"https:\/\/semmelweis.hu\/raoulwallenberg\/wp-json\/wp\/v2\/media?parent=1616"}],"wp:term":[{"taxonomy":"category","embeddable":true,"href":"https:\/\/semmelweis.hu\/raoulwallenberg\/wp-json\/wp\/v2\/categories?post=1616"},{"taxonomy":"post_tag","embeddable":true,"href":"https:\/\/semmelweis.hu\/raoulwallenberg\/wp-json\/wp\/v2\/tags?post=1616"}],"curies":[{"name":"wp","href":"https:\/\/api.w.org\/{rel}","templated":true}]}}