{"id":1603,"date":"2023-04-15T14:52:03","date_gmt":"2023-04-15T12:52:03","guid":{"rendered":"https:\/\/semmelweis.hu\/raoulwallenberg\/?p=1603"},"modified":"2023-04-19T16:56:24","modified_gmt":"2023-04-19T14:56:24","slug":"folytatodnak-tanuloink-orszagos-versenyeken-elert-sikerei","status":"publish","type":"post","link":"https:\/\/semmelweis.hu\/raoulwallenberg\/2023\/04\/15\/folytatodnak-tanuloink-orszagos-versenyeken-elert-sikerei\/","title":{"rendered":"Folytat\u00f3dnak tanul\u00f3ink orsz\u00e1gos versenyeken el\u00e9rt sikerei!"},"content":{"rendered":"<h2>Ism\u00e9t tehets\u00e9ges tanul\u00f3ink sikereir\u0151l sz\u00e1molhatunk be:<\/h2>\n<div class=\"fontos_div\">\n<p><span style=\"color: #ff0000\"><strong>Az \u00c1gazati \u00c9retts\u00e9gi Vizsgat\u00e1rgyak verseny\u00e9nek orsz\u00e1gos d\u00f6nt\u0151j\u00e9ben ism\u00e9t remekeltek tanul\u00f3ink!<\/strong><\/span><\/p>\n<\/div>\n<p><strong><span style=\"color: #000000\">Eg\u00e9szs\u00e9g\u00fcgy:<\/span><\/strong><\/p>\n<p>Vajda-Fekete Csenge (7.)<br \/>\nBudai Vir\u00e1g Napsug\u00e1r (16.)<\/p>\n<p><em>Felk\u00e9sz\u00edt\u0151 tan\u00e1rok: Matl\u00e1kn\u00e9 Csizmadia Gy\u00f6rgyi, Szarv\u00e1k Andr\u00e1s<\/em><\/p>\n<p><span style=\"color: #000000\"><strong>Pedag\u00f3gia:\u00a0<\/strong>\u00a0<\/span> \u00a0\u00a0\u00a0<\/p>\n<p><strong>Barta Ren\u00e1ta (1.)<br \/>\n<\/strong>Szalanics Fruzsina (9.)<strong><br \/>\n<\/strong>Busk\u00f3 Fanni Alexandra (17.)\u00a0<\/p>\n<p><em>Felk\u00e9sz\u00edt\u0151 tan\u00e1rok: Dorozsmain\u00e9 Balogh Erika, Szab\u00f3 Ildik\u00f3 Ilona<\/em>\u00a0 \u00a0 \u00a0 \u00a0 \u00a0 \u00a0 \u00a0<\/p>\n<p><strong><span style=\"color: #000000\">Szoci\u00e1lis:\u00a0\u00a0\u00a0\u00a0<\/span><\/strong>\u00a0\u00a0\u00a0\u00a0\u00a0<\/p>\n<p><strong>Zsad\u00e1nyi S\u00e1ra Anna (1.)<\/strong><br \/>\nDrinka Fanni Erzs\u00e9bet (9.)<\/p>\n<p><em>Felk\u00e9sz\u00edt\u0151 tan\u00e1rok: Palotai Ilona, P\u00e1l Gabriella<\/em>\u00a0<\/p>\n<p style=\"text-align: justify\">Gratul\u00e1lunk a tanul\u00f3knak \u00e9s a felk\u00e9sz\u00edt\u0151 tan\u00e1roknak a kiemelked\u0151 sikerhez!<br \/>\nSok sikert k\u00edv\u00e1nunk a d\u00f6nt\u0151 helyez\u00e9s\u00e9rt kapott t\u00f6bbletpontokkal a fels\u0151oktat\u00e1si tov\u00e1bbtanul\u00e1shoz!<\/p>\n<p><img loading=\"lazy\" decoding=\"async\" class=\"alignnone  wp-image-1625\" src=\"https:\/\/semmelweis.hu\/raoulwallenberg\/files\/2023\/04\/Barta-R-400x266.jpg\" alt=\"\" width=\"189\" height=\"126\" \/><img loading=\"lazy\" decoding=\"async\" class=\"alignnone  wp-image-1628\" src=\"https:\/\/semmelweis.hu\/raoulwallenberg\/files\/2023\/04\/Zsadanyi-Sari-400x266.jpg\" alt=\"\" width=\"184\" height=\"122\" \/><\/p>\n<p><img loading=\"lazy\" decoding=\"async\" class=\"alignnone  wp-image-1627\" src=\"https:\/\/semmelweis.hu\/raoulwallenberg\/files\/2023\/04\/Szocosok-400x266.jpg\" alt=\"\" width=\"188\" height=\"125\" \/><img loading=\"lazy\" decoding=\"async\" class=\"alignnone  wp-image-1626\" src=\"https:\/\/semmelweis.hu\/raoulwallenberg\/files\/2023\/04\/Pedsesek-400x266.jpg\" alt=\"\" width=\"187\" height=\"124\" \/><\/p>\n<div class=\"fontos_div\">\n<p><span style=\"color: #ff0000\"><strong>Kossuth Zsuzsanna Nemzeti Eg\u00e9szs\u00e9g\u00fcgyi Szakk\u00e9pz\u00e9si Verseny<\/strong><\/span><\/p>\n<\/div>\n<p style=\"text-align: justify\">Alap\u00e1pol\u00e1s-gondoz\u00e1s, Els\u0151seg\u00e9lyny\u00fajt\u00e1si alapismeretek ismeretk\u00f6r orsz\u00e1gos d\u00f6nt\u0151j\u00e9ben <strong>1.<\/strong> helyez\u00e9st \u00e9rt el <b>N\u00e1dasdi Panna R-3\/15.\u00c1 <\/b>(\u00e1ltal\u00e1nos \u00e1pol\u00f3) tanul\u00f3nk<b>.<\/b><\/p>\n<p style=\"text-align: justify\">A Magyar Eg\u00e9szs\u00e9g\u00fcgyi Szakdolgoz\u00f3i Kamara a felk\u00e9sz\u00edt\u0151 tan\u00e1rokon k\u00edv\u00fcl iskol\u00e1nkat is elismer\u00e9sben r\u00e9szes\u00edtette a k\u00f6z\u00e9pd\u00f6nt\u0151 \u00e9s a d\u00f6nt\u0151 egyik versenyhelysz\u00edn\u00e9nek biztos\u00edt\u00e1s\u00e1\u00e9rt!<\/p>\n","protected":false},"excerpt":{"rendered":"<p>Ism\u00e9t tehets\u00e9ges tanul\u00f3ink sikereir\u0151l sz\u00e1molhatunk be: Az \u00c1gazati \u00c9retts\u00e9gi Vizsgat\u00e1rgyak verseny\u00e9nek orsz\u00e1gos d\u00f6nt\u0151j\u00e9ben ism\u00e9t remekeltek tanul\u00f3ink! Eg\u00e9szs\u00e9g\u00fcgy: Vajda-Fekete Csenge (7.) Budai Vir\u00e1g Napsug\u00e1r (16.) Felk\u00e9sz\u00edt\u0151 tan\u00e1rok: Matl\u00e1kn\u00e9 Csizmadia Gy\u00f6rgyi, Szarv\u00e1k Andr\u00e1s Pedag\u00f3gia:\u00a0\u00a0 \u00a0\u00a0\u00a0 Barta Ren\u00e1ta (1.) Szalanics Fruzsina (9.) Busk\u00f3 Fanni Alexandra (17.)\u00a0 Felk\u00e9sz\u00edt\u0151 tan\u00e1rok: Dorozsmain\u00e9 Balogh Erika, Szab\u00f3 Ildik\u00f3 Ilona\u00a0 \u00a0 \u00a0 \u00a0 \u00a0 &hellip;<\/p>\n","protected":false},"author":101877,"featured_media":0,"comment_status":"closed","ping_status":"closed","sticky":false,"template":"","format":"image","meta":{"_acf_changed":false,"footnotes":""},"categories":[1],"tags":[],"class_list":["post-1603","post","type-post","status-publish","format-image","hentry","category-hirek","post_format-post-format-image"],"acf":[],"_links":{"self":[{"href":"https:\/\/semmelweis.hu\/raoulwallenberg\/wp-json\/wp\/v2\/posts\/1603","targetHints":{"allow":["GET"]}}],"collection":[{"href":"https:\/\/semmelweis.hu\/raoulwallenberg\/wp-json\/wp\/v2\/posts"}],"about":[{"href":"https:\/\/semmelweis.hu\/raoulwallenberg\/wp-json\/wp\/v2\/types\/post"}],"author":[{"embeddable":true,"href":"https:\/\/semmelweis.hu\/raoulwallenberg\/wp-json\/wp\/v2\/users\/101877"}],"replies":[{"embeddable":true,"href":"https:\/\/semmelweis.hu\/raoulwallenberg\/wp-json\/wp\/v2\/comments?post=1603"}],"version-history":[{"count":5,"href":"https:\/\/semmelweis.hu\/raoulwallenberg\/wp-json\/wp\/v2\/posts\/1603\/revisions"}],"predecessor-version":[{"id":1629,"href":"https:\/\/semmelweis.hu\/raoulwallenberg\/wp-json\/wp\/v2\/posts\/1603\/revisions\/1629"}],"wp:attachment":[{"href":"https:\/\/semmelweis.hu\/raoulwallenberg\/wp-json\/wp\/v2\/media?parent=1603"}],"wp:term":[{"taxonomy":"category","embeddable":true,"href":"https:\/\/semmelweis.hu\/raoulwallenberg\/wp-json\/wp\/v2\/categories?post=1603"},{"taxonomy":"post_tag","embeddable":true,"href":"https:\/\/semmelweis.hu\/raoulwallenberg\/wp-json\/wp\/v2\/tags?post=1603"}],"curies":[{"name":"wp","href":"https:\/\/api.w.org\/{rel}","templated":true}]}}