{"id":5822,"date":"2026-08-28T10:24:13","date_gmt":"2026-08-28T08:24:13","guid":{"rendered":"https:\/\/semmelweis.hu\/pszichiatria\/?p=5822"},"modified":"2026-08-28T10:24:13","modified_gmt":"2026-08-28T08:24:13","slug":"eveszavar-nappali-korhaz-indult","status":"publish","type":"post","link":"https:\/\/semmelweis.hu\/pszichiatria\/2026\/08\/28\/eveszavar-nappali-korhaz-indult\/","title":{"rendered":"Ev\u00e9szavar Nappali K\u00f3rh\u00e1z indult"},"content":{"rendered":"<p>Kedves Koll\u00e9g\u00e1k!\u00a0<\/p>\n<p>\u00a0<br \/>\n\u00a0<br \/>\nAz anorexia nervosa ell\u00e1t\u00e1s\u00e1nak tov\u00e1bbi jav\u00edt\u00e1s\u00e1t c\u00e9lz\u00f3 <strong>Ev\u00e9szavar Nappali K\u00f3rh\u00e1z<\/strong> indult 2026. \u00e1prilis\u00e1ban a Semmelweis Egyetem Pszichi\u00e1triai \u00e9s Pszichoter\u00e1pi\u00e1s Klinik\u00e1j\u00e1n. A r\u00e9szv\u00e9tel OEP \u00e1ltal \ufb01nansz\u00edrozott, \u00e9rv\u00e9nyes TAJ eset\u00e9n\u202f<strong>t\u00e9r\u00edt\u00e9smentesen<\/strong>\u202fvehet\u0151 ig\u00e9nybe <strong>18 \u00e9ves kort\u00f3l.\u00a0<\/strong>\u00a0<\/p>\n<p>A nappali k\u00f3rh\u00e1z betegeinek az ell\u00e1t\u00e1s peri\u00f3dus\u00e1ban (6 hetes ter\u00e1pi\u00e1s program) minden h\u00e9tk\u00f6znap (08:45-14:00 k\u00f6z\u00f6tt) meg kell jelennie a Klinik\u00e1n, ahol csoportter\u00e1pi\u00e1kon vesznek r\u00e9szt.\u00a0<\/p>\n<p>\u00a0<br \/>\n<strong>Els\u0151 interj\u00fa<\/strong> c\u00e9lj\u00e1b\u00f3l jelentkezni a k\u00f6vetkez\u0151 e-mail c\u00edmen lehet:\u202f\u00a0<\/p>\n<p><a href=\"mailto:eveszavar.nappali@semmelweis.hu\">eveszavar.nappali@semmelweis.hu<\/a>\u00a0\u00a0<\/p>\n<p>\u00a0<br \/>\nA d\u00e9lut\u00e1ni csoportter\u00e1pi\u00e1k ambul\u00e1ns ell\u00e1t\u00e1si forma keret\u00e9ben is ig\u00e9nybe vehet\u0151k, de a nappali k\u00f3rh\u00e1z p\u00e1ciensei el\u0151nyt \u00e9lveznek a jelentkez\u00e9s sor\u00e1n.\u00a0\u00a0<\/p>\n<p>&nbsp;<\/p>\n<p>C\u00e9lcsoportunk az anorexia nervosa \u00e9s egy\u00e9b k\u00f3ros sov\u00e1nys\u00e1ggal j\u00e1r\u00f3 \u00e1llapotok\u00a0\u00a0<\/p>\n<p>(ARFID, UFED)\u00a0<\/p>\n<p>A Nappali K\u00f3rh\u00e1zi ell\u00e1t\u00e1s \u00e9s a d\u00e9lut\u00e1ni csoportok als\u00f3 <strong>BMI hat\u00e1ra: 13.5kg\/m<sup>2<\/sup><\/strong>\u00a0<\/p>\n<p>&nbsp;<\/p>\n<p>\u00a0<br \/>\nCsoportter\u00e1pi\u00e1k r\u00f6vid bemutat\u00e1sa:\u00a0<\/p>\n<p>&nbsp;<\/p>\n<ol>\n<li>Az ev\u00e9szavar h\u00e1tter\u00e9ben \u00e1ll\u00f3 tudattalan folyamatok felt\u00e1r\u00e1s\u00e1t c\u00e9lz\u00f3 \u201e<strong>Imagin\u00e1ci\u00f3s \u00e9lm\u00e9nyek pszichodramatikus<\/strong> megjelen\u00edt\u00e9se\u201d csoport.\u00a0\u00a0<\/li>\n<\/ol>\n<p>&nbsp;<\/p>\n<ol start=\"2\">\n<li><strong>Mentaliz\u00e1ci\u00f3 alap\u00fa pszichoeduk\u00e1ci\u00f3s<\/strong> csoport. A csoport f\u00f3kusz\u00e1ban az ev\u00e9szavarhoz \u00e9s a mindennapi t\u00e1rsas helyzetekhez kapcsol\u00f3d\u00f3 \u00e9rz\u00e9sek, gondolatok \u00e9s mentaliz\u00e1ci\u00f3s folyamatok meg\u00e9rt\u00e9se \u00e1ll. C\u00e9lja a saj\u00e1t \u00e9s m\u00e1sok bels\u0151 \u00e1llapotai ir\u00e1nti k\u00edv\u00e1ncsis\u00e1g el\u0151seg\u00edt\u00e9se, valamint a kih\u00edv\u00e1st jelent\u0151 helyzetekkel val\u00f3 rugalmasabb megk\u00fczd\u00e9s t\u00e1mogat\u00e1sa.<\/li>\n<li>\n<strong>\u00c9rzelem szab\u00e1lyoz\u00e1s (RO-DBT &#8211; (Radik\u00e1lisan Nyitott DBT t\u00falkontroll\u00e1l\u00f3 szem\u00e9lyek sz\u00e1m\u00e1ra)<\/strong><\/li>\n<\/ol>\n<p>\u00a0A csoport sor\u00e1n olyan t\u00e9m\u00e1kat \u00e9rint\u00fcnk, mint a t\u00falzott kontroll, a perfekcionizmus, a nyitotts\u00e1g kontra bez\u00e1rts\u00e1g, \u00e9s az \u00e9rzelmek kifejez\u00e9se. \u00a0<br \/>\n\u00a0<br \/>\n<strong>4.<\/strong> <strong>Mozg\u00e1s \u00e9s t\u00e1ncter\u00e1pia<\/strong>. A pszichodinamikus mozg\u00e1s- \u00e9s t\u00e1ncter\u00e1pia a szabad mozg\u00e1son \u00e9s a testi \u00e9lm\u00e9nyek tudatos\u00edt\u00e1s\u00e1n kereszt\u00fcl seg\u00edt k\u00f6zelebb ker\u00fclni a bels\u0151 folyamatokhoz \u00e9s az \u00e9rzelmekhez.\u00a0\u00a0<\/p>\n<ol start=\"5\">\n<li>\n<strong> Alkot\u00f3m\u0171hely<\/strong>. A bels\u0151 tartalmak k\u00e9pi megjelen\u00edt\u00e9s\u00e9n kereszt\u00fcl seg\u00edt k\u00f6zelebb ker\u00fclni a testk\u00e9pzavar m\u00f6g\u00f6tti m\u00e9lyl\u00e9lektani folyamatokhoz \u00e9s az elfojtott \u00e9rzelmekhez.\u00a0<\/li>\n<\/ol>\n<p>&nbsp;<\/p>\n<ol start=\"6\">\n<li><strong> Asszert\u00edv\u00a0kommunik\u00e1ci\u00f3s tr\u00e9ning.\u00a0<\/strong>A\u00a0helyzetgyakorlatokon \u00e9s konkr\u00e9t technik\u00e1kon kereszt\u00fcl seg\u00edt a saj\u00e1t hat\u00e1rok magabiztos megh\u00faz\u00e1s\u00e1ban \u00e9s a sz\u00fcks\u00e9gletek mindennapi k\u00e9pviselet\u00e9ben.\u00a0<\/li>\n<li><strong> Autog\u00e9n tr\u00e9ning. <\/strong>A\u00a0struktur\u00e1lt relax\u00e1ci\u00f3s technika\u00a0seg\u00edt a mindennapi szorong\u00e1sok old\u00e1s\u00e1ban, a testi-lelki fesz\u00fclts\u00e9g cs\u00f6kkent\u00e9s\u00e9ben \u00e9s a bels\u0151 biztons\u00e1g\u00e9rzet megteremt\u00e9s\u00e9ben.\u00a0<\/li>\n<li><strong> Dietetikai pszichoeduk\u00e1ci\u00f3.\u00a0<\/strong>A csoport a t\u00e1pl\u00e1lkoz\u00e1si t\u00e9vhitek tiszt\u00e1z\u00e1s\u00e1n \u00e9s a biol\u00f3giai sz\u00fcks\u00e9gletek meg\u00e9rt\u00e9s\u00e9n kereszt\u00fcl seg\u00edt az \u00e9telekkel val\u00f3 rugalmas, szorong\u00e1smentes viszony vissza\u00e1ll\u00edt\u00e1s\u00e1ban.\u00a0<\/li>\n<li><strong>Online sorst\u00e1rs<\/strong> csoportba is lehet jelentkezni.\u00a0<\/li>\n<\/ol>\n<p>Jelentkez\u00e9s:\u202f<a href=\"mailto:eveszavarokrol@gmail.com\">eveszavarokrol@gmail.com<\/a>\u00a0<br \/>\n\u00a0<\/p>\n<ol start=\"10\">\n<li><strong>Irodalomter\u00e1pi\u00e1s csoport<\/strong> &#8211; irodalmi alkot\u00e1sokon kereszt\u00fcl seg\u00edt meg\u00e9rteni a m\u00e9lyben zajl\u00f3 \u00e9rzelmi folyamatokat\u00a0<\/li>\n<\/ol>\n<p>Jelentkez\u00e9s:\u202f<a href=\"mailto:pacziga.monika@gmail.com\">pacziga.monika@gmail.com<\/a>\u00a0<\/p>\n<p>&nbsp;<\/p>\n<ol start=\"11\">\n<li><strong> Filmklub<\/strong> \u2013 Nyitott m\u0171hely havi 1 alkalom\u00a0<\/li>\n<\/ol>\n<p>Jelentkez\u00e9s:\u202f<a href=\"mailto:pacziga.monika@gmail.com\">pacziga.monika@gmail.com<\/a>\u00a0<\/p>\n<p>&nbsp;<\/p>\n<ol start=\"12\">\n<li><strong>Hozz\u00e1tartoz\u00f3 csoport<\/strong> \u2013 z\u00e1rt csoport 2 hetente 1 alkalom\u00a0<\/li>\n<li>novemberrel indul\u00a0\u00a0<\/li>\n<\/ol>\n<p>Jelentkez\u00e9s:\u202f<a href=\"mailto:drhamvasszilard@gmail.com\">drhamvasszilard@gmail.com<\/a>\u00a0<\/p>\n<p>&nbsp;<\/p>\n<p>&nbsp;<\/p>\n<p>A Nappali K\u00f3rh\u00e1z \u2013 Ev\u00e9szavar r\u00e9szleg, valamint a csoportter\u00e1pi\u00e1kr\u00f3l b\u0151vebben a Semmelweis Egyetem Pszichi\u00e1triai \u00e9s Pszichoter\u00e1pi\u00e1s Klinika honlapj\u00e1n lesz inform\u00e1ci\u00f3\u00a0\u00a0<\/p>\n<p>(szerkeszt\u00e9se folyamatban).<\/p>\n<p><u>https:\/\/semmelweis.hu\/pszichiatria\/betegellatas\/\u00a0<\/u>\u00a0<\/p>\n<p>&nbsp;<\/p>\n<p>&nbsp;<\/p>\n<p>&nbsp;<\/p>\n<p>\u00dcdv\u00f6zlettel, dr. Hamvas Szil\u00e1rd \u00e9s dr. B\u00e1thory Anna\u00a0<\/p>\n","protected":false},"excerpt":{"rendered":"<p>Kedves Koll\u00e9g\u00e1k!\u00a0 \u00a0 \u00a0 Az anorexia nervosa ell\u00e1t\u00e1s\u00e1nak tov\u00e1bbi jav\u00edt\u00e1s\u00e1t c\u00e9lz\u00f3 Ev\u00e9szavar Nappali K\u00f3rh\u00e1z indult 2026. \u00e1prilis\u00e1ban a Semmelweis Egyetem Pszichi\u00e1triai \u00e9s Pszichoter\u00e1pi\u00e1s Klinik\u00e1j\u00e1n. A r\u00e9szv\u00e9tel OEP \u00e1ltal \ufb01nansz\u00edrozott, \u00e9rv\u00e9nyes TAJ eset\u00e9n\u202ft\u00e9r\u00edt\u00e9smentesen\u202fvehet\u0151 ig\u00e9nybe 18 \u00e9ves kort\u00f3l.\u00a0\u00a0 A nappali k\u00f3rh\u00e1z betegeinek az ell\u00e1t\u00e1s peri\u00f3dus\u00e1ban (6 hetes ter\u00e1pi\u00e1s program) minden h\u00e9tk\u00f6znap (08:45-14:00 k\u00f6z\u00f6tt) meg kell jelennie a &hellip;<\/p>\n","protected":false},"author":57,"featured_media":0,"comment_status":"closed","ping_status":"closed","sticky":false,"template":"","format":"standard","meta":{"_acf_changed":false,"footnotes":""},"categories":[5],"tags":[],"class_list":["post-5822","post","type-post","status-publish","format-standard","hentry","category-hir"],"acf":[],"_links":{"self":[{"href":"https:\/\/semmelweis.hu\/pszichiatria\/wp-json\/wp\/v2\/posts\/5822","targetHints":{"allow":["GET"]}}],"collection":[{"href":"https:\/\/semmelweis.hu\/pszichiatria\/wp-json\/wp\/v2\/posts"}],"about":[{"href":"https:\/\/semmelweis.hu\/pszichiatria\/wp-json\/wp\/v2\/types\/post"}],"author":[{"embeddable":true,"href":"https:\/\/semmelweis.hu\/pszichiatria\/wp-json\/wp\/v2\/users\/57"}],"replies":[{"embeddable":true,"href":"https:\/\/semmelweis.hu\/pszichiatria\/wp-json\/wp\/v2\/comments?post=5822"}],"version-history":[{"count":1,"href":"https:\/\/semmelweis.hu\/pszichiatria\/wp-json\/wp\/v2\/posts\/5822\/revisions"}],"predecessor-version":[{"id":5823,"href":"https:\/\/semmelweis.hu\/pszichiatria\/wp-json\/wp\/v2\/posts\/5822\/revisions\/5823"}],"wp:attachment":[{"href":"https:\/\/semmelweis.hu\/pszichiatria\/wp-json\/wp\/v2\/media?parent=5822"}],"wp:term":[{"taxonomy":"category","embeddable":true,"href":"https:\/\/semmelweis.hu\/pszichiatria\/wp-json\/wp\/v2\/categories?post=5822"},{"taxonomy":"post_tag","embeddable":true,"href":"https:\/\/semmelweis.hu\/pszichiatria\/wp-json\/wp\/v2\/tags?post=5822"}],"curies":[{"name":"wp","href":"https:\/\/api.w.org\/{rel}","templated":true}]}}