{"id":2064,"date":"2024-11-19T16:01:26","date_gmt":"2024-11-19T15:01:26","guid":{"rendered":"https:\/\/semmelweis.hu\/psychophysiology\/?p=2064"},"modified":"2024-11-19T16:01:37","modified_gmt":"2024-11-19T15:01:37","slug":"ujma-et-al-the-genetics-of-intelligence-and-social-outcomes-in-a-hungarian-twin-sample","status":"publish","type":"post","link":"https:\/\/semmelweis.hu\/psychophysiology\/2024\/11\/19\/ujma-et-al-the-genetics-of-intelligence-and-social-outcomes-in-a-hungarian-twin-sample\/","title":{"rendered":"Ujma-et-al: The genetics of intelligence and social outcomes in a Hungarian twin sample"},"content":{"rendered":"<p><strong>The genetics of intelligence and social outcomes in a Hungarian twin sample<\/strong><\/p>\n<p>Personality and Individual Differences 225:112683; Volume 225,\u00a0July 2024, 112683<br \/>\nDOI: <a href=\"https:\/\/doi.org\/10.1016\/j.paid.2024.112683\" target=\"_blank\" rel=\"noopener\">10.1016\/j.paid.2024.112683<\/a><\/p>\n<p>P\u00e9ter P.\u00a0Ujma\u00a0<sup>a<\/sup>,\u00a0M\u00e1rton\u00a0Piroska\u00a0<sup>b<\/sup>,\u00a0Helga\u00a0Szab\u00f3\u00a0<sup>b<\/sup>,\u00a0D\u00f3ra\u00a0Mladoneczki-Leszk\u00f3\u00a0<sup>c<\/sup>,\u00a0\u00c1d\u00e1m Domonkos\u00a0T\u00e1rnoki\u00a0<sup>b<\/sup>\u00a0<sup>d<\/sup>,\u00a0D\u00e1vid L\u00e1szl\u00f3\u00a0T\u00e1rnoki\u00a0<sup>b<\/sup>\u00a0<sup>d<\/sup><\/p>\n<p>a.Semmelweis University, Institute of Behavioural Sciences, Hungary<br \/>\nb.Semmelweis University, Medical Imaging Centre, Budapest, Hungary<br \/>\nc.Semmelweis University, School of PhD Studies, Hungary<br \/>\nd.Hungarian Twin Registry, Budapest, Hungary<\/p>\n<p><em>\u00a0<\/em><\/p>\n<p><strong>Abstract<\/strong><\/p>\n<p>Most previous research found that within-family resemblance on social outcomes and intelligence is mostly due to\u00a0<a href=\"https:\/\/www.sciencedirect.com\/topics\/biochemistry-genetics-and-molecular-biology\/genetics\">genetic<\/a>\u00a0factors with a limited role of the shared environment, with the exception of educational attainment. Hypotheses about a gene-environment interaction with SES, with a presumably smaller role of\u00a0<a href=\"https:\/\/www.sciencedirect.com\/topics\/biochemistry-genetics-and-molecular-biology\/genetic-determinism\">genetic factors<\/a>\u00a0in families with low social status, have been only partially confirmed. However, these results do not necessarily generalize to all societies, and data from Central or Eastern European countries is currently deficient. In the current work we replicate using data from the Hungarian Twin Registry that intelligence, income, and educational attainment are substantially heritable, with limited role of the shared environment. In contrast to studies in Anglo-Saxon or Western European countries, we found an influence of the shared environment on standardized high school test scores, especially history. Both genetic and shared environmental (but not nonshared environmental) correlations were substantial, in line with\u00a0<a href=\"https:\/\/www.sciencedirect.com\/topics\/earth-and-planetary-sciences\/generalist\">generalist<\/a>\u00a0genes and shared environments but specific nonshared\u00a0<a href=\"https:\/\/www.sciencedirect.com\/topics\/social-sciences\/human-activities-effects\">environmental effects<\/a>. The results show that the\u00a0<a href=\"https:\/\/www.sciencedirect.com\/topics\/medicine-and-dentistry\/heritability\">heritability<\/a>\u00a0of social traits is observable in Central\/Eastern Europe, but they highlight a potentially problematic aspect of Hungarian high school final tests, as students&#8217; family of origin appears to be a potent determinant of grades.<\/p>\n<p><strong>Keywords<\/strong>: Heritability; Intelligence; Income, educational attainment; Central Europe, Eastern Europe<\/p>\n<p>&nbsp;<\/p>\n","protected":false},"excerpt":{"rendered":"<p>The genetics of intelligence and social outcomes in a Hungarian twin sample Personality and Individual Differences 225:112683; Volume 225,\u00a0July 2024, 112683 DOI: <a href=\"https:\/\/doi.org\/10.1016\/j.paid.2024.112683\" target=\"_blank\" rel=\"noopener\">10.1016\/j.paid.2024.112683<\/a> P\u00e9ter P.\u00a0Ujma\u00a0a,\u00a0M\u00e1rton\u00a0Piroska\u00a0b,\u00a0Helga\u00a0Szab\u00f3\u00a0b,\u00a0D\u00f3ra\u00a0Mladoneczki-Leszk\u00f3\u00a0c,\u00a0\u00c1d\u00e1m Domonkos\u00a0T\u00e1rnoki\u00a0b\u00a0d,\u00a0D\u00e1vid L\u00e1szl\u00f3\u00a0T\u00e1rnoki\u00a0b\u00a0d a.Semmelweis University, Institute of Behavioural Sciences, Hungary b.Semmelweis University, Medical Imaging Centre, Budapest, Hungary c.Semmelweis University, School of PhD Studies, Hungary d.Hungarian Twin Registry, Budapest, Hungary \u00a0 Abstract Most &hellip;<\/p>\n","protected":false},"author":101277,"featured_media":0,"comment_status":"closed","ping_status":"closed","sticky":false,"template":"","format":"standard","meta":{"_acf_changed":false,"footnotes":""},"categories":[6,1,141],"tags":[],"class_list":["post-2064","post","type-post","status-publish","format-standard","hentry","category-articles-in-professional-journals","category-egyeb","category-most-recent-articles"],"acf":[],"_links":{"self":[{"href":"https:\/\/semmelweis.hu\/psychophysiology\/wp-json\/wp\/v2\/posts\/2064","targetHints":{"allow":["GET"]}}],"collection":[{"href":"https:\/\/semmelweis.hu\/psychophysiology\/wp-json\/wp\/v2\/posts"}],"about":[{"href":"https:\/\/semmelweis.hu\/psychophysiology\/wp-json\/wp\/v2\/types\/post"}],"author":[{"embeddable":true,"href":"https:\/\/semmelweis.hu\/psychophysiology\/wp-json\/wp\/v2\/users\/101277"}],"replies":[{"embeddable":true,"href":"https:\/\/semmelweis.hu\/psychophysiology\/wp-json\/wp\/v2\/comments?post=2064"}],"version-history":[{"count":1,"href":"https:\/\/semmelweis.hu\/psychophysiology\/wp-json\/wp\/v2\/posts\/2064\/revisions"}],"predecessor-version":[{"id":2065,"href":"https:\/\/semmelweis.hu\/psychophysiology\/wp-json\/wp\/v2\/posts\/2064\/revisions\/2065"}],"wp:attachment":[{"href":"https:\/\/semmelweis.hu\/psychophysiology\/wp-json\/wp\/v2\/media?parent=2064"}],"wp:term":[{"taxonomy":"category","embeddable":true,"href":"https:\/\/semmelweis.hu\/psychophysiology\/wp-json\/wp\/v2\/categories?post=2064"},{"taxonomy":"post_tag","embeddable":true,"href":"https:\/\/semmelweis.hu\/psychophysiology\/wp-json\/wp\/v2\/tags?post=2064"}],"curies":[{"name":"wp","href":"https:\/\/api.w.org\/{rel}","templated":true}]}}