{"id":1721,"date":"2019-10-04T15:11:17","date_gmt":"2019-10-04T13:11:17","guid":{"rendered":"http:\/\/semmelweis.hu\/psychophysiology\/?p=1721"},"modified":"2019-10-08T16:07:44","modified_gmt":"2019-10-08T14:07:44","slug":"kronopatologiai-vonatkozasu-munkahelyi-artalmak-a-melatonin-es-a-feny-kiemelkedo-szerepe","status":"publish","type":"post","link":"https:\/\/semmelweis.hu\/psychophysiology\/2019\/10\/04\/kronopatologiai-vonatkozasu-munkahelyi-artalmak-a-melatonin-es-a-feny-kiemelkedo-szerepe\/","title":{"rendered":"Kronopatol\u00f3giai vonatkoz\u00e1s\u00fa munkahelyi \u00e1rtalmak: a melatonin \u00e9s a f\u00e9ny kiemelked\u0151 szerepe"},"content":{"rendered":"<p>Gy\u00f3gyszer\u00e9sz Tov\u00e1bbk\u00e9pz\u00e9s 2019; 13 (6): B7\u2013B10. (2019)<strong><br \/>\n<\/strong><a href=\"https:\/\/semmelweis.hu\/psychophysiology\/files\/2019\/10\/Kronopatol\u00f3giai-vonatkoz\u00e1s\u00fa-munkahelyi-\u00e1rtalmak-Gy\u00f3gyszer\u00e9sz-Tov\u00e1bbk.pdf\">Free full-text<\/a><br \/>\nB\u00f3dizs R\u00f3bert<br \/>\nSemmelweis Egyetem, Magatart\u00e1studom\u00e1nyi Int\u00e9zet<\/p>\n<p><strong>Absztrakt<\/strong><\/p>\n<p>A cirkadi\u00e1n ritmusok optim\u00e1lis m\u0171k\u00f6d\u00e9se a testi-lelki eg\u00e9szs\u00e9g egyik kiemelked\u0151 jelent\u0151s\u00e9g\u0171 felt\u00e9tele. A v\u00e1ltott m\u0171szakokban dolgoz\u00f3 munkav\u00e1llal\u00f3k magas sz\u00e1ma jelent\u0151s kih\u00edv\u00e1s a foglalkoz\u00e1s-eg\u00e9szs\u00e9g\u00fcgynek. Ezen kih\u00edv\u00e1s el\u00e9 a gy\u00f3gy\u00edt\u00e1sban r\u00e9szt vev\u0151k az id\u0151vel foglalkoz\u00f3 biol\u00f3giai diszcipl\u00edna (a kronobiol\u00f3gia), valamint az id\u0151i szab\u00e1lyoz\u00e1s zavaraival vonatkoz\u00f3 kronopatol\u00f3gia \u00e9s az e zavarokat orvosolni hivatott elj\u00e1r\u00e1sok (kronoter\u00e1pia) behat\u00f3 ismerete r\u00e9v\u00e9n \u00e1llhatnak. A cirkadi\u00e1n (24 \u00f3r\u00e1s) ritmus gyakori, foglalkoz\u00e1s-eg\u00e9szs\u00e9g\u00fcgyi zavarai n\u00e9peg\u00e9szs\u00e9g\u00fcgyi jelent\u0151s\u00e9g\u0171ek, amelyek kezel\u00e9se vagy az \u00e1rtalmak cs\u00f6kkent\u00e9se c\u00e9lzott kronoter\u00e1pi\u00e1s elj\u00e1r\u00e1sok r\u00e9v\u00e9n val\u00f3s\u00edthat\u00f3 meg. A megfelel\u0151 napszakban alkalmazott f\u00e9ny-, illetve melatonin-ter\u00e1pia elm\u00e9leti megalapozotts\u00e1gukn\u00e1l fogva kiemelked\u0151 jelent\u0151s\u00e9g\u0171ek a foglalkoz\u00e1s-eg\u00e9szs\u00e9g\u00fcgy kronopatol\u00f3giai vonatkoz\u00e1s\u00fa probl\u00e9m\u00e1inak hat\u00e9kony kezel\u00e9se szempontj\u00e1b\u00f3l.<\/p>\n","protected":false},"excerpt":{"rendered":"<p>Gy\u00f3gyszer\u00e9sz Tov\u00e1bbk\u00e9pz\u00e9s 2019; 13 (6): B7\u2013B10. (2019) <a href=\"https:\/\/semmelweis.hu\/psychophysiology\/files\/2019\/10\/Kronopatol\u00f3giai-vonatkoz\u00e1s\u00fa-munkahelyi-\u00e1rtalmak-Gy\u00f3gyszer\u00e9sz-Tov\u00e1bbk.pdf\">Free full-text<\/a> B\u00f3dizs R\u00f3bert Semmelweis Egyetem, Magatart\u00e1studom\u00e1nyi Int\u00e9zet Absztrakt A cirkadi\u00e1n ritmusok optim\u00e1lis m\u0171k\u00f6d\u00e9se a testi-lelki eg\u00e9szs\u00e9g egyik kiemelked\u0151 jelent\u0151s\u00e9g\u0171 felt\u00e9tele. A v\u00e1ltott m\u0171szakokban dolgoz\u00f3 munkav\u00e1llal\u00f3k magas sz\u00e1ma jelent\u0151s kih\u00edv\u00e1s a foglalkoz\u00e1s-eg\u00e9szs\u00e9g\u00fcgynek. Ezen kih\u00edv\u00e1s el\u00e9 a gy\u00f3gy\u00edt\u00e1sban r\u00e9szt vev\u0151k az id\u0151vel foglalkoz\u00f3 biol\u00f3giai diszcipl\u00edna (a kronobiol\u00f3gia), valamint az id\u0151i szab\u00e1lyoz\u00e1s &hellip;<\/p>\n","protected":false},"author":101277,"featured_media":0,"comment_status":"closed","ping_status":"closed","sticky":false,"template":"","format":"standard","meta":{"_acf_changed":false,"footnotes":""},"categories":[6,141],"tags":[],"class_list":["post-1721","post","type-post","status-publish","format-standard","hentry","category-articles-in-professional-journals","category-most-recent-articles"],"acf":[],"_links":{"self":[{"href":"https:\/\/semmelweis.hu\/psychophysiology\/wp-json\/wp\/v2\/posts\/1721","targetHints":{"allow":["GET"]}}],"collection":[{"href":"https:\/\/semmelweis.hu\/psychophysiology\/wp-json\/wp\/v2\/posts"}],"about":[{"href":"https:\/\/semmelweis.hu\/psychophysiology\/wp-json\/wp\/v2\/types\/post"}],"author":[{"embeddable":true,"href":"https:\/\/semmelweis.hu\/psychophysiology\/wp-json\/wp\/v2\/users\/101277"}],"replies":[{"embeddable":true,"href":"https:\/\/semmelweis.hu\/psychophysiology\/wp-json\/wp\/v2\/comments?post=1721"}],"version-history":[{"count":1,"href":"https:\/\/semmelweis.hu\/psychophysiology\/wp-json\/wp\/v2\/posts\/1721\/revisions"}],"predecessor-version":[{"id":1722,"href":"https:\/\/semmelweis.hu\/psychophysiology\/wp-json\/wp\/v2\/posts\/1721\/revisions\/1722"}],"wp:attachment":[{"href":"https:\/\/semmelweis.hu\/psychophysiology\/wp-json\/wp\/v2\/media?parent=1721"}],"wp:term":[{"taxonomy":"category","embeddable":true,"href":"https:\/\/semmelweis.hu\/psychophysiology\/wp-json\/wp\/v2\/categories?post=1721"},{"taxonomy":"post_tag","embeddable":true,"href":"https:\/\/semmelweis.hu\/psychophysiology\/wp-json\/wp\/v2\/tags?post=1721"}],"curies":[{"name":"wp","href":"https:\/\/api.w.org\/{rel}","templated":true}]}}