{"id":1668,"date":"2019-10-05T11:14:43","date_gmt":"2019-10-05T09:14:43","guid":{"rendered":"http:\/\/semmelweis.hu\/psychophysiology\/?p=1668"},"modified":"2019-10-08T16:07:07","modified_gmt":"2019-10-08T14:07:07","slug":"association-of-social-jetlag-with-sleep-quality-and-autonomic-cardiac-control-during-sleep-in-young-healthy-men","status":"publish","type":"post","link":"https:\/\/semmelweis.hu\/psychophysiology\/2019\/10\/05\/association-of-social-jetlag-with-sleep-quality-and-autonomic-cardiac-control-during-sleep-in-young-healthy-men\/","title":{"rendered":"Association of Social Jetlag With Sleep Quality and Autonomic Cardiac Control During Sleep in Young Healthy Men"},"content":{"rendered":"<p>Front. Neurosci., 06 September 2019 <a href=\"https:\/\/www.frontiersin.org\/articles\/10.3389\/fnins.2019.00950\/full?&amp;utm_source=Email_to_authors_&amp;utm_medium=Email&amp;utm_content=T1_11.5e1_author&amp;utm_campaign=Email_publication&amp;field=&amp;journalName=Frontiers_in_Neuroscience&amp;id=472752\" target=\"_blank\" rel=\"noopener noreferrer\">Free full-text<\/a> DOI: <a href=\"https:\/\/doi.org\/10.3389\/fnins.2019.00950\" target=\"_blank\" rel=\"noopener noreferrer\">doi.org\/10.3389\/fnins.2019.00950<\/a><br \/>\n\u00c1gnes R\u00e9ka S\u0171dy<sup>1<\/sup>, Krisztina Ella<sup>1<\/sup>, R\u00f3bert B\u00f3dizs<sup>2,3<\/sup>, Krisztina K\u00e1ldi<sup>1,4<\/sup><\/p>\n<p><sup>1<\/sup>Department of Physiology, Semmelweis University, Budapest, Hungary<br \/>\n<sup>2<\/sup>Institute of Behavioural Sciences, Semmelweis University, Budapest, Hungary<br \/>\n<sup>3<\/sup>National Institute of Clinical Neurosciences, Budapest, Hungary<br \/>\n<sup>4<\/sup>Department of Laboratory Medicine, Semmelweis University, Budapest, Hungary<\/p>\n<p><strong>Abstract<br \/>\n<\/strong>Social jetlag (SJL), the difference in sleep timing between work and free days is a consequence of the discrepancy between the individual\u2019s circadian rhythm and the social clock. SJL is considered a chronic stress factor and has been linked to various health problems. In this field study, we examined for the first time the association between SJL and cardiac regulation during sleep. 33 healthy young men aged 20\u201326 years participated in the study. The median SJL was used as a cut-off value to assign the participants into two groups with either lower or higher SJL. As a marker of autonomic control we analyzed heart rate variability (HRV) and addressed intra-individual differences between workdays and free days. In subjects with higher SJL, pNN50, an indicator of vagal activity was lower in the first 3 h of sleep on workday as compared to free day (day \u00d7 sleep block \u00d7 group, <i>p<\/i> = 0.015), indicating a more adaptable regulation on free days, when subjects slept according to their own preference. However, in subjects with lower SJL, no HRV differences were found between the two nights. SJL showed correlation with the free day-workday differences of both pNN50 and another vagal index, RMSSD in the first 2 h of sleep (<i>p<\/i> = 0.023 and 0.047, respectively). In subjects with higher SJL, a different HF power on workdays and free days (<i>p<\/i> = 0.031) also indicated that a shift in sleep timing is accompanied by an altered parasympathetic activity in the first few hours of sleep. Furthermore, subjective sleep quality on workdays was negatively associated with SJL (<i>p<\/i> = 0.02), and subjects with higher SJL reported worse sleep quality on workday than on free day (<i>p<\/i> = 0.027). Taken together, our data call attention on the potential effect of SJL on sleep quality and vagal activity during sleep.<\/p>\n<p><strong>Keywords: <\/strong>social jetlag (SJL), sleep quality, cardiac regulation, heart rate variability (HRV), vagal activity<\/p>\n","protected":false},"excerpt":{"rendered":"<p>Front. Neurosci., 06 September 2019 <a href=\"https:\/\/www.frontiersin.org\/articles\/10.3389\/fnins.2019.00950\/full?&amp;utm_source=Email_to_authors_&amp;utm_medium=Email&amp;utm_content=T1_11.5e1_author&amp;utm_campaign=Email_publication&amp;field=&amp;journalName=Frontiers_in_Neuroscience&amp;id=472752\" target=\"_blank\" rel=\"noopener noreferrer\">Free full-text<\/a> DOI: <a href=\"https:\/\/doi.org\/10.3389\/fnins.2019.00950\" target=\"_blank\" rel=\"noopener noreferrer\">doi.org\/10.3389\/fnins.2019.00950<\/a> \u00c1gnes R\u00e9ka S\u0171dy1, Krisztina Ella1, R\u00f3bert B\u00f3dizs2,3, Krisztina K\u00e1ldi1,4 1Department of Physiology, Semmelweis University, Budapest, Hungary 2Institute of Behavioural Sciences, Semmelweis University, Budapest, Hungary 3National Institute of Clinical Neurosciences, Budapest, Hungary 4Department of Laboratory Medicine, Semmelweis University, Budapest, Hungary Abstract Social jetlag (SJL), the difference in sleep timing between &hellip;<\/p>\n","protected":false},"author":101277,"featured_media":0,"comment_status":"closed","ping_status":"closed","sticky":false,"template":"","format":"standard","meta":{"_acf_changed":false,"footnotes":""},"categories":[6,141],"tags":[201,202,44,200,203],"class_list":["post-1668","post","type-post","status-publish","format-standard","hentry","category-articles-in-professional-journals","category-most-recent-articles","tag-cardiac-regulation","tag-heart-rate-variability-hrv","tag-sleep-quality","tag-social-jetlag-sjl","tag-vagal-activity"],"acf":[],"_links":{"self":[{"href":"https:\/\/semmelweis.hu\/psychophysiology\/wp-json\/wp\/v2\/posts\/1668","targetHints":{"allow":["GET"]}}],"collection":[{"href":"https:\/\/semmelweis.hu\/psychophysiology\/wp-json\/wp\/v2\/posts"}],"about":[{"href":"https:\/\/semmelweis.hu\/psychophysiology\/wp-json\/wp\/v2\/types\/post"}],"author":[{"embeddable":true,"href":"https:\/\/semmelweis.hu\/psychophysiology\/wp-json\/wp\/v2\/users\/101277"}],"replies":[{"embeddable":true,"href":"https:\/\/semmelweis.hu\/psychophysiology\/wp-json\/wp\/v2\/comments?post=1668"}],"version-history":[{"count":5,"href":"https:\/\/semmelweis.hu\/psychophysiology\/wp-json\/wp\/v2\/posts\/1668\/revisions"}],"predecessor-version":[{"id":1675,"href":"https:\/\/semmelweis.hu\/psychophysiology\/wp-json\/wp\/v2\/posts\/1668\/revisions\/1675"}],"wp:attachment":[{"href":"https:\/\/semmelweis.hu\/psychophysiology\/wp-json\/wp\/v2\/media?parent=1668"}],"wp:term":[{"taxonomy":"category","embeddable":true,"href":"https:\/\/semmelweis.hu\/psychophysiology\/wp-json\/wp\/v2\/categories?post=1668"},{"taxonomy":"post_tag","embeddable":true,"href":"https:\/\/semmelweis.hu\/psychophysiology\/wp-json\/wp\/v2\/tags?post=1668"}],"curies":[{"name":"wp","href":"https:\/\/api.w.org\/{rel}","templated":true}]}}