{"id":1618,"date":"2019-04-16T15:38:35","date_gmt":"2019-04-16T13:38:35","guid":{"rendered":"http:\/\/semmelweis.hu\/psychophysiology\/?p=1618"},"modified":"2019-04-16T15:39:57","modified_gmt":"2019-04-16T13:39:57","slug":"alvas-es-almodas","status":"publish","type":"post","link":"https:\/\/semmelweis.hu\/psychophysiology\/2019\/04\/16\/alvas-es-almodas\/","title":{"rendered":"Alv\u00e1s \u00e9s \u00e1lmod\u00e1s"},"content":{"rendered":"<div>B\u00f3dizs R\u00f3bert: Alv\u00e1s \u00e9s \u00e1lmod\u00e1s. IN: G., N\u00e9meth Gy\u00f6rgy (szerk.) Magyar Alv\u00e1sk\u00f6nyv: Pihentet\u0151 tudnival\u00f3k. Budapest: Galenus Kiad\u00f3, 2019. pp. 75-97.\u00a0 https:\/\/www.patikamagazin.hu\/konyvbemutato-magyar-alvaskonyv\/<\/div>\n<div>\u00a0<\/div>\n<div>Az alv\u00e1s \u00e9s az \u00e9brenl\u00e9t alapvet\u0151 l\u00e9t\u00e1llapot, v\u00e1ltakoz\u00e1suk az \u00e9l\u0151vil\u00e1gban egyetemesnek mondhat\u00f3 nyugalom-aktivit\u00e1s ciklus jellegzetes form\u00e1ja. Az alv\u00e1s \u00e9s az \u00e9brenl\u00e9t fogalmainak pontos jelent\u00e9se, meghat\u00e1roz\u00e1sa, a m\u00f6g\u00f6tt\u00fck l\u00e9v\u0151 folyamatok mibenl\u00e9te azonban kor\u00e1ntsem trivi\u00e1lis k\u00e9rd\u00e9sek. Az al\u00e1bbiakban ker\u00fcl sor ezeknek a k\u00e9rd\u00e9seknek a &#8211; tudom\u00e1ny jelenlegi \u00e1ll\u00e1sa \u00e1ltal szabott keretek k\u00f6z\u00f6tti &#8211; tiszt\u00e1z\u00e1s\u00e1ra, egyben gyakorlati szempontb\u00f3l is elemezve a probl\u00e9mak\u00f6rt.<\/div>\n","protected":false},"excerpt":{"rendered":"<p>B\u00f3dizs R\u00f3bert: Alv\u00e1s \u00e9s \u00e1lmod\u00e1s. IN: G., N\u00e9meth Gy\u00f6rgy (szerk.) Magyar Alv\u00e1sk\u00f6nyv: Pihentet\u0151 tudnival\u00f3k. Budapest: Galenus Kiad\u00f3, 2019. pp. 75-97.\u00a0 https:\/\/www.patikamagazin.hu\/konyvbemutato-magyar-alvaskonyv\/ \u00a0 Az alv\u00e1s \u00e9s az \u00e9brenl\u00e9t alapvet\u0151 l\u00e9t\u00e1llapot, v\u00e1ltakoz\u00e1suk az \u00e9l\u0151vil\u00e1gban egyetemesnek mondhat\u00f3 nyugalom-aktivit\u00e1s ciklus jellegzetes form\u00e1ja. Az alv\u00e1s \u00e9s az \u00e9brenl\u00e9t fogalmainak pontos jelent\u00e9se, meghat\u00e1roz\u00e1sa, a m\u00f6g\u00f6tt\u00fck l\u00e9v\u0151 folyamatok mibenl\u00e9te azonban kor\u00e1ntsem trivi\u00e1lis &hellip;<\/p>\n","protected":false},"author":101277,"featured_media":0,"comment_status":"closed","ping_status":"closed","sticky":false,"template":"","format":"standard","meta":{"_acf_changed":false,"footnotes":""},"categories":[8],"tags":[173,184,188,189,186,187,175],"class_list":["post-1618","post","type-post","status-publish","format-standard","hentry","category-books-and-book-chapters","tag-almodas","tag-alvas","tag-alvas-eeg","tag-cirkadian-ritmus","tag-homeosztazis","tag-lassu-hullamok","tag-rem-alvas"],"acf":[],"_links":{"self":[{"href":"https:\/\/semmelweis.hu\/psychophysiology\/wp-json\/wp\/v2\/posts\/1618","targetHints":{"allow":["GET"]}}],"collection":[{"href":"https:\/\/semmelweis.hu\/psychophysiology\/wp-json\/wp\/v2\/posts"}],"about":[{"href":"https:\/\/semmelweis.hu\/psychophysiology\/wp-json\/wp\/v2\/types\/post"}],"author":[{"embeddable":true,"href":"https:\/\/semmelweis.hu\/psychophysiology\/wp-json\/wp\/v2\/users\/101277"}],"replies":[{"embeddable":true,"href":"https:\/\/semmelweis.hu\/psychophysiology\/wp-json\/wp\/v2\/comments?post=1618"}],"version-history":[{"count":2,"href":"https:\/\/semmelweis.hu\/psychophysiology\/wp-json\/wp\/v2\/posts\/1618\/revisions"}],"predecessor-version":[{"id":1621,"href":"https:\/\/semmelweis.hu\/psychophysiology\/wp-json\/wp\/v2\/posts\/1618\/revisions\/1621"}],"wp:attachment":[{"href":"https:\/\/semmelweis.hu\/psychophysiology\/wp-json\/wp\/v2\/media?parent=1618"}],"wp:term":[{"taxonomy":"category","embeddable":true,"href":"https:\/\/semmelweis.hu\/psychophysiology\/wp-json\/wp\/v2\/categories?post=1618"},{"taxonomy":"post_tag","embeddable":true,"href":"https:\/\/semmelweis.hu\/psychophysiology\/wp-json\/wp\/v2\/tags?post=1618"}],"curies":[{"name":"wp","href":"https:\/\/api.w.org\/{rel}","templated":true}]}}