{"id":2705,"date":"2026-04-22T09:00:56","date_gmt":"2026-04-22T07:00:56","guid":{"rendered":"https:\/\/semmelweis.hu\/propedeutika\/?p=2705"},"modified":"2026-04-22T09:22:48","modified_gmt":"2026-04-22T07:22:48","slug":"fold-napja-2026","status":"publish","type":"post","link":"https:\/\/semmelweis.hu\/propedeutika\/2026\/04\/22\/fold-napja-2026\/","title":{"rendered":"F\u00f6ld napja 2026"},"content":{"rendered":"<p><img loading=\"lazy\" decoding=\"async\" class=\"size-medium wp-image-2706 alignright\" src=\"https:\/\/semmelweis.hu\/propedeutika\/files\/2026\/04\/1-1-400x284.png\" alt=\"\" width=\"400\" height=\"284\" srcset=\"https:\/\/semmelweis.hu\/propedeutika\/files\/2026\/04\/1-1-400x284.png 400w, https:\/\/semmelweis.hu\/propedeutika\/files\/2026\/04\/1-1-1024x726.png 1024w, https:\/\/semmelweis.hu\/propedeutika\/files\/2026\/04\/1-1-768x545.png 768w, https:\/\/semmelweis.hu\/propedeutika\/files\/2026\/04\/1-1-1536x1090.png 1536w, https:\/\/semmelweis.hu\/propedeutika\/files\/2026\/04\/1-1-753x534.png 753w, https:\/\/semmelweis.hu\/propedeutika\/files\/2026\/04\/1-1.png 1748w\" sizes=\"auto, (max-width: 400px) 100vw, 400px\" \/><\/p>\n<p>\u00c1prilis 22. a F\u00f6ld napja, melynek \u00fczenete a fogorvosl\u00e1s \u00e9s a fog\u00e1szati oktat\u00e1s sz\u00e1m\u00e1ra is ir\u00e1nymutat\u00f3. A fogorvosi gyakorlatban sz\u00e1mottev\u0151 k\u00f6rnyezeti terhel\u00e9st jelentenek a p\u00e1ciensek t\u00f6bbsz\u00f6ri kezel\u00e9sekb\u0151l ad\u00f3d\u00f3 t\u00f6bbletutaz\u00e1sai, az egyszer haszn\u00e1latos eszk\u00f6z\u00f6k, valamint az energiahaszn\u00e1lat. Tansz\u00e9k\u00fcnk\u00f6n a <a href=\"https:\/\/semmelweis.hu\/propedeutika\/kutatas\/munkacsoport-a-kornyezettudatos-es-fenntarthato-fogaszatert-2\/\">Munkacsoport a K\u00f6rnyezettudatos \u00e9s Fenntarthat\u00f3 Fog\u00e1szat\u00e9rt<\/a> \u00e1ltal nemr\u00e9g v\u00e9gzett kutat\u00e1s rendel\u0151i obszerv\u00e1ci\u00f3k \u00e9s interj\u00fak seg\u00edts\u00e9g\u00e9vel vizsg\u00e1lta hazai fogorvosok fenntarthat\u00f3s\u00e1ggal \u00e9s fenntarthat\u00f3 fog\u00e1szattal kapcsolatos ismereteit \u00e9s gyakorlatait. Eredm\u00e9nyeink r\u00e1mutatnak arra, hogy a fogorvosok elvben nyitottak a fenntarthat\u00f3bb megold\u00e1sokra, amennyiben azok el\u00e9rhet\u0151ek (p\u00e9ld\u00e1ul steriliz\u00e1lhat\u00f3 f\u00e9m m\u0171szert\u00e1lca haszn\u00e1lata egyszer haszn\u00e1latos m\u0171anyag m\u0171szert\u00e1lca helyett), azonban a gyakorlatban a d\u00f6nt\u00e9seiket \u00e9s viselked\u00e9s\u00fcket t\u00f6bb t\u00e9nyez\u0151 egy\u00fcttesen hat\u00e1rozza meg.<\/p>\n<p>Tudom\u00e1nyos di\u00e1kk\u00f6ri hallgat\u00f3ink is seg\u00e9dkeztek ebben a projektben: K\u0151r\u00f6smezei Anna III. \u00e9ves fogorvostan-hallgat\u00f3 az idei Tudom\u00e1nyos Di\u00e1kk\u00f6ri Konferenci\u00e1n mutatta be, m\u00edg M\u00e1rton Kata V. \u00e9ves fogorvostan-hallgat\u00f3 a szakdolgozat\u00e1hoz haszn\u00e1lta fel a kutat\u00e1s eredm\u00e9nyeit.<\/p>\n<p><img loading=\"lazy\" decoding=\"async\" class=\"size-medium wp-image-2707 alignleft\" src=\"https:\/\/semmelweis.hu\/propedeutika\/files\/2026\/04\/2-1-400x284.png\" alt=\"\" width=\"400\" height=\"284\" srcset=\"https:\/\/semmelweis.hu\/propedeutika\/files\/2026\/04\/2-1-400x284.png 400w, https:\/\/semmelweis.hu\/propedeutika\/files\/2026\/04\/2-1-1024x726.png 1024w, https:\/\/semmelweis.hu\/propedeutika\/files\/2026\/04\/2-1-768x545.png 768w, https:\/\/semmelweis.hu\/propedeutika\/files\/2026\/04\/2-1-1536x1090.png 1536w, https:\/\/semmelweis.hu\/propedeutika\/files\/2026\/04\/2-1-753x534.png 753w, https:\/\/semmelweis.hu\/propedeutika\/files\/2026\/04\/2-1.png 1748w\" sizes=\"auto, (max-width: 400px) 100vw, 400px\" \/><img loading=\"lazy\" decoding=\"async\" class=\"size-medium wp-image-2708 alignright\" src=\"https:\/\/semmelweis.hu\/propedeutika\/files\/2026\/04\/3-400x284.png\" alt=\"\" width=\"400\" height=\"284\" srcset=\"https:\/\/semmelweis.hu\/propedeutika\/files\/2026\/04\/3-400x284.png 400w, https:\/\/semmelweis.hu\/propedeutika\/files\/2026\/04\/3-1024x726.png 1024w, https:\/\/semmelweis.hu\/propedeutika\/files\/2026\/04\/3-768x545.png 768w, https:\/\/semmelweis.hu\/propedeutika\/files\/2026\/04\/3-1536x1090.png 1536w, https:\/\/semmelweis.hu\/propedeutika\/files\/2026\/04\/3-753x534.png 753w, https:\/\/semmelweis.hu\/propedeutika\/files\/2026\/04\/3.png 1748w\" sizes=\"auto, (max-width: 400px) 100vw, 400px\" \/><\/p>\n<p>&nbsp;<\/p>\n","protected":false},"excerpt":{"rendered":"<p>\u00c1prilis 22. a F\u00f6ld napja, melynek \u00fczenete a fogorvosl\u00e1s \u00e9s a fog\u00e1szati oktat\u00e1s sz\u00e1m\u00e1ra is ir\u00e1nymutat\u00f3. A fogorvosi gyakorlatban sz\u00e1mottev\u0151 k\u00f6rnyezeti terhel\u00e9st jelentenek a p\u00e1ciensek t\u00f6bbsz\u00f6ri kezel\u00e9sekb\u0151l ad\u00f3d\u00f3 t\u00f6bbletutaz\u00e1sai, az egyszer haszn\u00e1latos eszk\u00f6z\u00f6k, valamint az energiahaszn\u00e1lat. Tansz\u00e9k\u00fcnk\u00f6n a <a href=\"https:\/\/semmelweis.hu\/propedeutika\/kutatas\/munkacsoport-a-kornyezettudatos-es-fenntarthato-fogaszatert-2\/\">Munkacsoport a K\u00f6rnyezettudatos \u00e9s Fenntarthat\u00f3 Fog\u00e1szat\u00e9rt<\/a> \u00e1ltal nemr\u00e9g v\u00e9gzett kutat\u00e1s rendel\u0151i obszerv\u00e1ci\u00f3k \u00e9s interj\u00fak seg\u00edts\u00e9g\u00e9vel vizsg\u00e1lta hazai fogorvosok fenntarthat\u00f3s\u00e1ggal \u00e9s fenntarthat\u00f3 fog\u00e1szattal kapcsolatos &hellip;<\/p>\n","protected":false},"author":101964,"featured_media":2706,"comment_status":"closed","ping_status":"closed","sticky":false,"template":"","format":"standard","meta":{"_acf_changed":false,"footnotes":""},"categories":[8],"tags":[],"class_list":["post-2705","post","type-post","status-publish","format-standard","has-post-thumbnail","hentry","category-hirek"],"acf":[],"_links":{"self":[{"href":"https:\/\/semmelweis.hu\/propedeutika\/wp-json\/wp\/v2\/posts\/2705","targetHints":{"allow":["GET"]}}],"collection":[{"href":"https:\/\/semmelweis.hu\/propedeutika\/wp-json\/wp\/v2\/posts"}],"about":[{"href":"https:\/\/semmelweis.hu\/propedeutika\/wp-json\/wp\/v2\/types\/post"}],"author":[{"embeddable":true,"href":"https:\/\/semmelweis.hu\/propedeutika\/wp-json\/wp\/v2\/users\/101964"}],"replies":[{"embeddable":true,"href":"https:\/\/semmelweis.hu\/propedeutika\/wp-json\/wp\/v2\/comments?post=2705"}],"version-history":[{"count":1,"href":"https:\/\/semmelweis.hu\/propedeutika\/wp-json\/wp\/v2\/posts\/2705\/revisions"}],"predecessor-version":[{"id":2709,"href":"https:\/\/semmelweis.hu\/propedeutika\/wp-json\/wp\/v2\/posts\/2705\/revisions\/2709"}],"wp:featuredmedia":[{"embeddable":true,"href":"https:\/\/semmelweis.hu\/propedeutika\/wp-json\/wp\/v2\/media\/2706"}],"wp:attachment":[{"href":"https:\/\/semmelweis.hu\/propedeutika\/wp-json\/wp\/v2\/media?parent=2705"}],"wp:term":[{"taxonomy":"category","embeddable":true,"href":"https:\/\/semmelweis.hu\/propedeutika\/wp-json\/wp\/v2\/categories?post=2705"},{"taxonomy":"post_tag","embeddable":true,"href":"https:\/\/semmelweis.hu\/propedeutika\/wp-json\/wp\/v2\/tags?post=2705"}],"curies":[{"name":"wp","href":"https:\/\/api.w.org\/{rel}","templated":true}]}}