{"id":2698,"date":"2026-04-01T08:00:17","date_gmt":"2026-04-01T06:00:17","guid":{"rendered":"https:\/\/semmelweis.hu\/propedeutika\/?p=2698"},"modified":"2026-04-20T09:10:11","modified_gmt":"2026-04-20T07:10:11","slug":"iadr-2026-san-diego","status":"publish","type":"post","link":"https:\/\/semmelweis.hu\/propedeutika\/2026\/04\/01\/iadr-2026-san-diego\/","title":{"rendered":"IADR San Diego 2026"},"content":{"rendered":"<p style=\"text-align: justify\"><img loading=\"lazy\" decoding=\"async\" class=\"size-medium wp-image-2699 alignright\" src=\"https:\/\/semmelweis.hu\/propedeutika\/files\/2026\/04\/San-Diego-1-400x335.png\" alt=\"\" width=\"400\" height=\"335\" srcset=\"https:\/\/semmelweis.hu\/propedeutika\/files\/2026\/04\/San-Diego-1-400x335.png 400w, https:\/\/semmelweis.hu\/propedeutika\/files\/2026\/04\/San-Diego-1-768x644.png 768w, https:\/\/semmelweis.hu\/propedeutika\/files\/2026\/04\/San-Diego-1-753x631.png 753w, https:\/\/semmelweis.hu\/propedeutika\/files\/2026\/04\/San-Diego-1.png 940w\" sizes=\"auto, (max-width: 400px) 100vw, 400px\" \/><\/p>\n<p style=\"text-align: justify\">Az <a href=\"https:\/\/www.iadr.org\/\">International Association for Dental Oral and Craniofacial Research<\/a> (IADR -Nemzetk\u00f6zi Szervezet a Fogorvostudom\u00e1nyi Kutat\u00e1sok\u00e9rt) idei kongresszus\u00e1t m\u00e1rcius 25 \u00e9s 28 k\u00f6z\u00f6tt rendezt\u00e9k meg San Dieg\u00f3ban.<\/p>\n<p style=\"text-align: justify\">A vil\u00e1g legrangosabb fogorvosi kutat\u00e1sokkal kapcsolatos konferenci\u00e1j\u00e1n a Semmelweis Egyetem Propedeutikai Tansz\u00e9k\u00e9r\u0151l Prof. Dr. M\u00e1rton Krisztina a Tansz\u00e9ken foly\u00f3 sz\u00e1jsz\u00e1razs\u00e1g kutat\u00e1ssal kapcsolatos leg\u00fajabb eredm\u00e9nyeket mutatta be poszter el\u0151ad\u00e1s form\u00e1j\u00e1ban. Poszter\u00e9nek c\u00edme \u201eCorrelations Between Parameters of Diatery Habits in Patients with Dry Mouth and\/or Sj\u00f6gren\u2019s Disease\u201d, mely \u00f6sszef\u00fcgg\u00e9seket vizsg\u00e1lt a t\u00e1pl\u00e1lkoz\u00e1si szok\u00e1sok param\u00e9terei k\u00f6z\u00f6tt sz\u00e1jsz\u00e1razs\u00e1gban \u00e9s\/vagy Sj\u00f6gren-betegs\u00e9gben szenved\u0151 betegek eset\u00e9ben.<\/p>\n<p style=\"text-align: justify\">Professzor Asszony ezen fel\u00fcl 2 bizotts\u00e1gnak is tagja a szervezetben &#8211; a Fellowship Comittee-nek \u00e9s a Constitutional Comittee-nek.<\/p>\n<p style=\"text-align: justify\">A San Diego naps\u00fct\u00f6tte utc\u00e1i \u00e9s \u00f3ce\u00e1nparti hangulata azonnal mag\u00e1val ragadta a kongresszus r\u00e9sztvev\u0151it, felfedezve a Balboa parkot \u00e9s a leny\u0171g\u00f6z\u0151 partvid\u00e9ket.<\/p>\n<p><img loading=\"lazy\" decoding=\"async\" class=\"alignnone size-medium wp-image-2700\" src=\"https:\/\/semmelweis.hu\/propedeutika\/files\/2026\/04\/San-Diego-2-400x335.png\" alt=\"\" width=\"400\" height=\"335\" srcset=\"https:\/\/semmelweis.hu\/propedeutika\/files\/2026\/04\/San-Diego-2-400x335.png 400w, https:\/\/semmelweis.hu\/propedeutika\/files\/2026\/04\/San-Diego-2-768x644.png 768w, https:\/\/semmelweis.hu\/propedeutika\/files\/2026\/04\/San-Diego-2-753x631.png 753w, https:\/\/semmelweis.hu\/propedeutika\/files\/2026\/04\/San-Diego-2.png 940w\" sizes=\"auto, (max-width: 400px) 100vw, 400px\" \/><\/p>\n","protected":false},"excerpt":{"rendered":"<p>Az <a href=\"https:\/\/www.iadr.org\/\">International Association for Dental Oral and Craniofacial Research<\/a> (IADR -Nemzetk\u00f6zi Szervezet a Fogorvostudom\u00e1nyi Kutat\u00e1sok\u00e9rt) idei kongresszus\u00e1t m\u00e1rcius 25 \u00e9s 28 k\u00f6z\u00f6tt rendezt\u00e9k meg San Dieg\u00f3ban. A vil\u00e1g legrangosabb fogorvosi kutat\u00e1sokkal kapcsolatos konferenci\u00e1j\u00e1n a Semmelweis Egyetem Propedeutikai Tansz\u00e9k\u00e9r\u0151l Prof. Dr. M\u00e1rton Krisztina a Tansz\u00e9ken foly\u00f3 sz\u00e1jsz\u00e1razs\u00e1g kutat\u00e1ssal kapcsolatos leg\u00fajabb eredm\u00e9nyeket mutatta be poszter el\u0151ad\u00e1s form\u00e1j\u00e1ban. Poszter\u00e9nek c\u00edme \u201eCorrelations Between Parameters of Diatery Habits &hellip;<\/p>\n","protected":false},"author":101964,"featured_media":2699,"comment_status":"closed","ping_status":"closed","sticky":false,"template":"","format":"standard","meta":{"_acf_changed":false,"footnotes":""},"categories":[8],"tags":[],"class_list":["post-2698","post","type-post","status-publish","format-standard","has-post-thumbnail","hentry","category-hirek"],"acf":[],"_links":{"self":[{"href":"https:\/\/semmelweis.hu\/propedeutika\/wp-json\/wp\/v2\/posts\/2698","targetHints":{"allow":["GET"]}}],"collection":[{"href":"https:\/\/semmelweis.hu\/propedeutika\/wp-json\/wp\/v2\/posts"}],"about":[{"href":"https:\/\/semmelweis.hu\/propedeutika\/wp-json\/wp\/v2\/types\/post"}],"author":[{"embeddable":true,"href":"https:\/\/semmelweis.hu\/propedeutika\/wp-json\/wp\/v2\/users\/101964"}],"replies":[{"embeddable":true,"href":"https:\/\/semmelweis.hu\/propedeutika\/wp-json\/wp\/v2\/comments?post=2698"}],"version-history":[{"count":2,"href":"https:\/\/semmelweis.hu\/propedeutika\/wp-json\/wp\/v2\/posts\/2698\/revisions"}],"predecessor-version":[{"id":2703,"href":"https:\/\/semmelweis.hu\/propedeutika\/wp-json\/wp\/v2\/posts\/2698\/revisions\/2703"}],"wp:featuredmedia":[{"embeddable":true,"href":"https:\/\/semmelweis.hu\/propedeutika\/wp-json\/wp\/v2\/media\/2699"}],"wp:attachment":[{"href":"https:\/\/semmelweis.hu\/propedeutika\/wp-json\/wp\/v2\/media?parent=2698"}],"wp:term":[{"taxonomy":"category","embeddable":true,"href":"https:\/\/semmelweis.hu\/propedeutika\/wp-json\/wp\/v2\/categories?post=2698"},{"taxonomy":"post_tag","embeddable":true,"href":"https:\/\/semmelweis.hu\/propedeutika\/wp-json\/wp\/v2\/tags?post=2698"}],"curies":[{"name":"wp","href":"https:\/\/api.w.org\/{rel}","templated":true}]}}