{"id":9826,"date":"2018-10-17T13:41:02","date_gmt":"2018-10-17T11:41:02","guid":{"rendered":"http:\/\/semmelweis.hu\/phd\/?p=9826"},"modified":"2020-03-31T19:12:36","modified_gmt":"2020-03-31T17:12:36","slug":"semmelweis-symposium-2018-november-8-9","status":"publish","type":"post","link":"https:\/\/semmelweis.hu\/phd\/2018\/10\/17\/semmelweis-symposium-2018-november-8-9\/","title":{"rendered":"Semmelweis Symposium \u2013 2018. november 8-9."},"content":{"rendered":"<p>Tisztelt Koll\u00e9g\u00e1k!<\/p>\n<p style=\"text-align: justify\">Napjainkban, az orvostudom\u00e1ny \u201ehigh-tech\u201d m\u00f3dszerei el\u00e9rhet\u0151v\u00e9 tett\u00e9k a szem\u00e9lyre szabott gy\u00f3gy\u00edt\u00e1st. A technik\u00e1k k\u00f6z\u00e9ppontj\u00e1ban a molekul\u00e1ris biol\u00f3gia \u00e1ll, amely hihetetlen fejl\u0151d\u00e9sen ment kereszt\u00fcl az elm\u00falt \u00e9vtizedben. A 2018-as Semmelweis Szimp\u00f3ziumon szeretn\u00e9nk bemutatni a leg\u00fajabb diagnosztikai \u00e9s ter\u00e1pi\u00e1s elj\u00e1r\u00e1sokat az endokrinol\u00f3gia, onkol\u00f3gia, hematol\u00f3gia, prenatalis genetika \u00e9s a ritka betegs\u00e9gek ter\u00fclet\u00e9n, amelyeket ma m\u00e1r a napi gyakorlatban is alkalmazhatunk vagy a k\u00f6zelj\u00f6v\u0151ben v\u00e1rhat\u00f3 a bevezet\u00e9s\u00fck.<br \/>\nEl\u0151ad\u00e1st hallhatnak a diabetes \u0151ssejtekkel t\u00f6rt\u00e9n\u0151 kezel\u00e9s\u00e9r\u0151l, csak\u00fagy, mint a PCSK-9 g\u00e1tl\u00e1s eredm\u00e9nyeir\u0151l a familialis hypercholesterinaemi\u00e1ban. Megtudhatj\u00e1k, milyen \u00faj m\u00f3dszerek \u00e1llnak rendelkez\u00e9s\u00fcnkre az endokrin daganatok korai felismer\u00e9s\u00e9ben, \u00e9s hogy a genetika hogyan seg\u00edti az egyre gyakoribb\u00e1 v\u00e1l\u00f3 pajzsmirigyr\u00e1kok diagnosztik\u00e1j\u00e1t.<br \/>\nEz ut\u00f3bbi \u00e1tvisz benn\u00fcnket az onkol\u00f3gia ter\u00fclet\u00e9re. Kiv\u00e1l\u00f3 el\u0151ad\u00f3kt\u00f3l hallhatj\u00e1k a legkorszer\u0171bb lehet\u0151s\u00e9geket a colorectalis \u00e9s eml\u0151r\u00e1kok ell\u00e1t\u00e1s\u00e1ban, illetve egy\u00e9b szolid tumorokban. Ennek kapcs\u00e1n bemutatjuk, hogy a RANK-RANKL rendszernek milyen fontos szerepe van a malignit\u00e1sok kialakul\u00e1s\u00e1ban. Megismerhetik a likvid biopszia adta \u00faj lehet\u0151s\u00e9geket \u00e9s a kering\u0151 szabad DNS vizsg\u00e1lat\u00e1ban rejl\u0151 klinikai el\u0151ny\u00f6ket. Ide tartozik t\u00f6bbek k\u00f6z\u00f6tt a prenatalis diagnosztika tekint\u00e9lyes r\u00e9sze is, amelynek sor\u00e1n anyai v\u00e9rb\u0151l lehet sz\u00e1mos magzati betegs\u00e9get felismerni. \u00c9s nem vagyunk messze m\u00e1r a genetikailag \u201emegtervezett\u201d gyermekekt\u0151l sem, amely a szakmai mellett sz\u00e1mos etikai probl\u00e9m\u00e1t is felvet. T\u00e9nyleg ezt akarjuk? Megtudhatj\u00e1k az el\u0151ad\u00e1sokb\u00f3l!<br \/>\nA hematol\u00f3gi\u00e1ban is hatalmas forradalom zajlott le az elm\u00falt \u00e9vtizedben. A BITE-ing vagy a CAR T-sejt ter\u00e1pia m\u00e1r a tudom\u00e1nyos fantasztikum vil\u00e1g\u00e1t id\u00e9zi, pedig nem az! \u00c9s ha a ritka betegs\u00e9gek ir\u00e1nt \u00e9rdekl\u0151dnek, abban is \u00fajdons\u00e1got hallhatnak majd. Az utols\u00f3 szekci\u00f3ban a felj\u00f6v\u0151ben l\u00e9v\u0151 \u00faj m\u00f3dszerekr\u0151l lesz, amelyek val\u00f3ban hihetetlen t\u00e1vlatokat nyitnak meg el\u0151tt\u00fcnk, mint pl. a v\u00e9gtag regener\u00e1ci\u00f3, hogy csak egyet eml\u00edtsek, amely m\u00e1r a StarTrek filmsorozatot id\u00e9zik fel.<br \/>\nA hazai szak\u00e9rt\u0151k mellett j\u00f3l ismert nemzetk\u00f6zi h\u00edr\u0171 tud\u00f3sokt\u00f3l hallhatj\u00e1k a fentieket. \u00cdgy minden egy\u00fctt van, hogy eml\u00e9kezetes 2 napot t\u00f6lts\u00fcnk egy\u00fctt a Semmelweis Szimp\u00f3ziumon. Rem\u00e9lj\u00fck, hogy \u00d6nt is a hallgat\u00f3s\u00e1g soraiban \u00fcdv\u00f6z\u00f6lhetj\u00fck novemberbe 8-9-\u00e9n (ingyenes regisztr\u00e1ci\u00f3\u00e9rt k\u00fcldje el a nev\u00e9t, munkahely\u00e9t, orvosi pecs\u00e9tsz\u00e1m\u00e1t (ha van) a mate.edit@med.semmelweis-univ.hu c\u00edmre, 12 kreditpontot \u00e9r a r\u00e9szv\u00e9tel).<\/p>\n<p>V\u00e1rjuk \u00d6n\u00f6ket!<\/p>\n<p>\u00dcdv\u00f6zlettel:<br \/>\nProf. Lakatos P\u00e9ter Andr\u00e1s<br \/>\nSemmelweis Egyetem I. Belgy\u00f3gy\u00e1szati Klinika<\/p>\n<p>A Symposium programja: <a href=\"https:\/\/semmelweis.hu\/phd\/files\/2018\/10\/Semmelweis-Symposium-program.pdf\">Let\u00f6lt\u00e9s<\/a><\/p>\n","protected":false},"excerpt":{"rendered":"<p>A 2018-as Semmelweis Szimp\u00f3ziumon szeretn\u00e9nk bemutatni a leg\u00fajabb diagnosztikai \u00e9s ter\u00e1pi\u00e1s elj\u00e1r\u00e1sokat az endokrinol\u00f3gia, onkol\u00f3gia, hematol\u00f3gia, prenatalis genetika \u00e9s a ritka betegs\u00e9gek ter\u00fclet\u00e9n, amelyeket ma m\u00e1r a napi gyakorlatban is alkalmazhatunk vagy a k\u00f6zelj\u00f6v\u0151ben v\u00e1rhat\u00f3 a bevezet\u00e9s\u00fck.<\/p>\n","protected":false},"author":158,"featured_media":0,"comment_status":"closed","ping_status":"closed","sticky":false,"template":"","format":"standard","meta":{"_acf_changed":false,"footnotes":""},"categories":[1],"tags":[],"class_list":["post-9826","post","type-post","status-publish","format-standard","hentry","category-hirek"],"acf":[],"_links":{"self":[{"href":"https:\/\/semmelweis.hu\/phd\/wp-json\/wp\/v2\/posts\/9826","targetHints":{"allow":["GET"]}}],"collection":[{"href":"https:\/\/semmelweis.hu\/phd\/wp-json\/wp\/v2\/posts"}],"about":[{"href":"https:\/\/semmelweis.hu\/phd\/wp-json\/wp\/v2\/types\/post"}],"author":[{"embeddable":true,"href":"https:\/\/semmelweis.hu\/phd\/wp-json\/wp\/v2\/users\/158"}],"replies":[{"embeddable":true,"href":"https:\/\/semmelweis.hu\/phd\/wp-json\/wp\/v2\/comments?post=9826"}],"version-history":[{"count":1,"href":"https:\/\/semmelweis.hu\/phd\/wp-json\/wp\/v2\/posts\/9826\/revisions"}],"predecessor-version":[{"id":9828,"href":"https:\/\/semmelweis.hu\/phd\/wp-json\/wp\/v2\/posts\/9826\/revisions\/9828"}],"wp:attachment":[{"href":"https:\/\/semmelweis.hu\/phd\/wp-json\/wp\/v2\/media?parent=9826"}],"wp:term":[{"taxonomy":"category","embeddable":true,"href":"https:\/\/semmelweis.hu\/phd\/wp-json\/wp\/v2\/categories?post=9826"},{"taxonomy":"post_tag","embeddable":true,"href":"https:\/\/semmelweis.hu\/phd\/wp-json\/wp\/v2\/tags?post=9826"}],"curies":[{"name":"wp","href":"https:\/\/api.w.org\/{rel}","templated":true}]}}