{"id":8737,"date":"2014-02-20T10:35:55","date_gmt":"2014-02-20T09:35:55","guid":{"rendered":"http:\/\/semmelweis.hu\/phd\/2014\/02\/20\/doktoranduszok-orszagos-szovetsege-tavaszi-szel-konferencia-2\/"},"modified":"2014-02-20T10:35:55","modified_gmt":"2014-02-20T09:35:55","slug":"doktoranduszok-orszagos-szovetsege-tavaszi-szel-konferencia-2","status":"publish","type":"post","link":"https:\/\/semmelweis.hu\/phd\/2014\/02\/20\/doktoranduszok-orszagos-szovetsege-tavaszi-szel-konferencia-2\/","title":{"rendered":"Doktoranduszok Orsz\u00e1gos Sz\u00f6vets\u00e9ge &#8211; TAVASZI SZ\u00c9L konferencia"},"content":{"rendered":"<div>A Doktoranduszok Orsz\u00e1gos Sz\u00f6vets\u00e9ge (DOSz) \u00f6r\u00f6mmel \u00e9rtes\u00edti a doktorandusz hallgat\u00f3kat, doktorjel\u00f6lteket \u00e9s mesterszakos hallgat\u00f3kat, hogy 2014-ben is megrendezi TAVASZI SZ\u00c9L elnevez\u00e9s\u0171 konferenci\u00e1j\u00e1t. <\/p>\n<p>A konferencia f\u0151v\u00e9dn\u00f6ke: Dr. P\u00e1link\u00e1s J\u00f3zsef, a Magyar Tudom\u00e1nyos Akad\u00e9mia eln\u00f6ke. <\/p>\n<p>A DOSz a 2014. \u00e9vi Tavaszi Sz\u00e9l konferencia szervez\u00e9sekor a kor\u00e1bbi \u00e9vekben megszokottak szerint, a \u201efiatal magyar kutat\u00f3k \u00e9s doktoranduszok vil\u00e1gtal\u00e1lkoz\u00f3j\u00e1t\u201d magyar \u00e9s angol munkanyelv\u0171 rendezv\u00e9nyk\u00e9nt hirdeti meg. <\/p>\n<p>A konferenci\u00e1ra tisztelettel megh\u00edvjuk a fels\u0151oktat\u00e1si int\u00e9zm\u00e9nyek, a korm\u00e1nyzati \u00e9s az \u00fczleti \u00e9let k\u00e9pvisel\u0151it, a t\u00e9m\u00e1k ir\u00e1nt \u00e9rdekl\u0151d\u0151 koll\u00e9g\u00e1kat, szak\u00e9rt\u0151ket. Az egyes szekci\u00f3k keret\u00e9ben lehet\u0151s\u00e9g ny\u00edlik mind az elm\u00e9leti, mind a gyakorlati hasznos\u00edthat\u00f3s\u00e1g oldal\u00e1r\u00f3l bemutatni az egyes tudom\u00e1nyter\u00fcleteket \u00e9s azok tudom\u00e1ny\u00e1gait. A szekci\u00f3k legkiemelked\u0151bb tudom\u00e1nyos el\u0151ad\u00e1sai bemutat\u00e1sra ker\u00fclhetnek a Magyar Tudom\u00e1nyos Akad\u00e9mia megfelel\u0151 oszt\u00e1lyain.<\/p>\n<p>R\u00e9szletek a csatolt dokumentumban:\u00a0<\/p><\/div>\n<div>\u00a0<\/div>\n<div><strong>Let\u00f6lthet\u0151 dokumentumok:<\/strong><\/div>\n<div><a href=\"http:\/\/phd.semmelweis.hu\/wp-content\/uploads\/2014\/02\/tanulm\u00e1ny_sablon.pdf\">tanulm\u00e1ny sablon<\/a><br \/><a href=\"http:\/\/phd.semmelweis.hu\/wp-content\/uploads\/2014\/02\/TSZ_szerz\u0151i_\u00fatmutat\u00f3_2014.pdf\">TSZ szerz\u0151i \u00fatmutat\u00f3<\/a><br \/><a href=\"http:\/\/phd.semmelweis.hu\/wp-content\/uploads\/2014\/02\/Tavaszi_Sz\u00e9l_2014_konferencia_felh\u00edv\u00e1s_magyar.pdf\">TSZ 2014 konferencia felh\u00edv\u00e1s<\/a><\/p>\n<\/div>\n","protected":false},"excerpt":{"rendered":"<p>A Doktoranduszok Orsz\u00e1gos Sz\u00f6vets\u00e9ge (DOSz) \u00f6r\u00f6mmel \u00e9rtes\u00edti a doktorandusz hallgat\u00f3kat, doktorjel\u00f6lteket \u00e9s mesterszakos hallgat\u00f3kat, hogy 2014-ben is megrendezi TAVASZI SZ\u00c9L elnevez\u00e9s\u0171 konferenci\u00e1j\u00e1t. A konferencia f\u0151v\u00e9dn\u00f6ke: Dr. P\u00e1link\u00e1s J\u00f3zsef, a Magyar Tudom\u00e1nyos Akad\u00e9mia eln\u00f6ke. A DOSz a 2014. \u00e9vi Tavaszi Sz\u00e9l konferencia szervez\u00e9sekor a kor\u00e1bbi \u00e9vekben megszokottak szerint, a \u201efiatal magyar kutat\u00f3k \u00e9s doktoranduszok vil\u00e1gtal\u00e1lkoz\u00f3j\u00e1t\u201d magyar &hellip;<\/p>\n","protected":false},"author":158,"featured_media":0,"comment_status":"closed","ping_status":"closed","sticky":false,"template":"","format":"standard","meta":{"_acf_changed":false,"footnotes":""},"categories":[1],"tags":[],"class_list":["post-8737","post","type-post","status-publish","format-standard","hentry","category-hirek"],"acf":[],"_links":{"self":[{"href":"https:\/\/semmelweis.hu\/phd\/wp-json\/wp\/v2\/posts\/8737","targetHints":{"allow":["GET"]}}],"collection":[{"href":"https:\/\/semmelweis.hu\/phd\/wp-json\/wp\/v2\/posts"}],"about":[{"href":"https:\/\/semmelweis.hu\/phd\/wp-json\/wp\/v2\/types\/post"}],"author":[{"embeddable":true,"href":"https:\/\/semmelweis.hu\/phd\/wp-json\/wp\/v2\/users\/158"}],"replies":[{"embeddable":true,"href":"https:\/\/semmelweis.hu\/phd\/wp-json\/wp\/v2\/comments?post=8737"}],"version-history":[{"count":0,"href":"https:\/\/semmelweis.hu\/phd\/wp-json\/wp\/v2\/posts\/8737\/revisions"}],"wp:attachment":[{"href":"https:\/\/semmelweis.hu\/phd\/wp-json\/wp\/v2\/media?parent=8737"}],"wp:term":[{"taxonomy":"category","embeddable":true,"href":"https:\/\/semmelweis.hu\/phd\/wp-json\/wp\/v2\/categories?post=8737"},{"taxonomy":"post_tag","embeddable":true,"href":"https:\/\/semmelweis.hu\/phd\/wp-json\/wp\/v2\/tags?post=8737"}],"curies":[{"name":"wp","href":"https:\/\/api.w.org\/{rel}","templated":true}]}}